{"id":153,"count":17,"description":"Dessins \u00e0 la plume de Daniel Thomas, en divers th\u00e8mes, \u00e9tudes en voyage!","link":"https:\/\/www.irreel.ch\/blog\/tag\/dessin-a-la-plume\/","name":"dessin \u00e0 la plume","slug":"dessin-a-la-plume","taxonomy":"post_tag","meta":[],"_links":{"self":[{"href":"https:\/\/www.irreel.ch\/blog\/wp-json\/wp\/v2\/tags\/153","targetHints":{"allow":["GET"]}}],"collection":[{"href":"https:\/\/www.irreel.ch\/blog\/wp-json\/wp\/v2\/tags"}],"about":[{"href":"https:\/\/www.irreel.ch\/blog\/wp-json\/wp\/v2\/taxonomies\/post_tag"}],"wp:post_type":[{"href":"https:\/\/www.irreel.ch\/blog\/wp-json\/wp\/v2\/posts?tags=153"},{"href":"https:\/\/www.irreel.ch\/blog\/wp-json\/wp\/v2\/tribe_events?tags=153"},{"href":"https:\/\/www.irreel.ch\/blog\/wp-json\/wp\/v2\/tec_calendar_embed?tags=153"}],"curies":[{"name":"wp","href":"https:\/\/api.w.org\/{rel}","templated":true}]}}