{"id":985,"date":"2010-02-17T09:02:12","date_gmt":"2010-02-17T07:02:12","guid":{"rendered":"http:\/\/www.irreel.org\/blog\/?p=985"},"modified":"2020-04-18T05:52:03","modified_gmt":"2020-04-18T03:52:03","slug":"regard-interieur-pour-violoncelle-et-piano","status":"publish","type":"post","link":"https:\/\/www.irreel.ch\/blog\/regard-interieur-pour-violoncelle-et-piano\/","title":{"rendered":"Violoncelle et piano \/ Regard int\u00e9rieur"},"content":{"rendered":"\n<p>Regard int\u00e9rieur, pour violoncelle et piano, 2008. Daniel Thomas, dur\u00e9e 6&rsquo;30s.<\/p>\n\n\n\n<p>Au del\u00e0 des mots, la musique nous parle, phrases myst\u00e9rieuses, d\u00e9couverte de soi en int\u00e9rieur, transparence derri\u00e8re le mot musical, un monde qui jaillit en couleurs courant en nous !<\/p>\n\n\n\n<p>Tout un voyage dans l&rsquo;espace infini et les paysages qui nous envolent dans notre \u00eatre int\u00e9rieur!<\/p>\n\n\n\n<iframe loading=\"lazy\" width=\"100%\" height=\"494\" src=\"https:\/\/musescore.com\/user\/2300906\/scores\/6085894\/embed\" frameborder=\"0\" allowfullscreen=\"\" allow=\"autoplay; fullscreen\"><\/iframe>\n<span><a href=\"https:\/\/musescore.com\/user\/2300906\/scores\/6085894\/s\/odN-6p\" target=\"_blank\" rel=\"noopener noreferrer\">Regard int\u00e9rieur pour violoncelle et piano de Daniel D. T. Thomas<\/a> by <a href=\"https:\/\/musescore.com\/polymusicien\">polymusicien<\/a><\/span>\n\n\n\n<figure class=\"wp-block-image size-large\"><img loading=\"lazy\" decoding=\"async\" width=\"1024\" height=\"747\" src=\"http:\/\/www.irreel.ch\/blog\/wp-content\/uploads\/regard-interieur-2-1024x747.jpg\" alt=\"\" class=\"wp-image-6314\" srcset=\"https:\/\/www.irreel.ch\/blog\/wp-content\/uploads\/regard-interieur-2-1024x747.jpg 1024w, https:\/\/www.irreel.ch\/blog\/wp-content\/uploads\/regard-interieur-2-300x219.jpg 300w, https:\/\/www.irreel.ch\/blog\/wp-content\/uploads\/regard-interieur-2-150x109.jpg 150w, https:\/\/www.irreel.ch\/blog\/wp-content\/uploads\/regard-interieur-2-768x560.jpg 768w, https:\/\/www.irreel.ch\/blog\/wp-content\/uploads\/regard-interieur-2.jpg 1098w\" sizes=\"auto, (max-width: 1024px) 100vw, 1024px\" \/><figcaption>Violoncelle et piano<br><\/figcaption><\/figure>\n\n\n\n<figure class=\"wp-block-audio\"><audio controls src=\"http:\/\/www.irreel.ch\/blog\/wp-content\/uploads\/regard-interieur-violoncelle.mp3\"><\/audio><\/figure>\n\n\n\n<p>Extrait sonore: le d\u00e9but en sons \u00e9lectroniques VSL.<br>Ecouter un extrait: 2 minutes en mp3 (en sons num\u00e9riques).<\/p>\n\n\n\n<p>Extrait de la partition, 1\u00e8re page:<br><\/p>\n\n\n\n<figure class=\"wp-block-image size-large\"><img loading=\"lazy\" decoding=\"async\" width=\"1024\" height=\"473\" src=\"http:\/\/www.irreel.ch\/blog\/wp-content\/uploads\/regard-schema-1024x473.jpg\" alt=\"\" class=\"wp-image-6315\" srcset=\"https:\/\/www.irreel.ch\/blog\/wp-content\/uploads\/regard-schema-1024x473.jpg 1024w, https:\/\/www.irreel.ch\/blog\/wp-content\/uploads\/regard-schema-300x139.jpg 300w, https:\/\/www.irreel.ch\/blog\/wp-content\/uploads\/regard-schema-150x69.jpg 150w, https:\/\/www.irreel.ch\/blog\/wp-content\/uploads\/regard-schema-768x355.jpg 768w, https:\/\/www.irreel.ch\/blog\/wp-content\/uploads\/regard-schema.jpg 1057w\" sizes=\"auto, (max-width: 1024px) 100vw, 1024px\" \/><figcaption>Dessin, sch\u00e9ma visuel de la pi\u00e8ce<\/figcaption><\/figure>\n\n\n\n<p><span style=\"font-family: 'Comic Sans MS'; font-size: x-small;\"><br>Pour commander la partition ou le mp3 complet: <\/span><span style=\"font-family: 'Comic Sans MS'; color: #545052; font-size: x-small;\"><a title=\"formulaire de contact du site carillonneur.ch\" href=\"http:\/\/www.langages.ch\/blog\/?page_id=35\">contact<\/a><\/span><span style=\"font-family: 'Comic Sans MS'; font-size: x-small;\">.<\/span><\/p>\n","protected":false},"excerpt":{"rendered":"<p>&#8211; <a title=\"composition pour violoncelle et piano\" href=\"http:\/\/www.irreel.org\/blog\/2010\/02\/17\/regard-interieur-pour-violoncelle-et-piano\/\">Regard int\u00e9rieur<\/a> pour violoncelle et piano.<br \/>\n2008, dur\u00e9e 6&rsquo;30s.<\/p>\n","protected":false},"author":5,"featured_media":3904,"comment_status":"open","ping_status":"closed","sticky":false,"template":"","format":"standard","meta":{"sfsi_plus_gutenberg_text_before_share":"","sfsi_plus_gutenberg_show_text_before_share":"","sfsi_plus_gutenberg_icon_type":"","sfsi_plus_gutenberg_icon_alignemt":"","sfsi_plus_gutenburg_max_per_row":"","_EventAllDay":false,"_EventTimezone":"","_EventStartDate":"","_EventEndDate":"","_EventStartDateUTC":"","_EventEndDateUTC":"","_EventShowMap":false,"_EventShowMapLink":false,"_EventURL":"","_EventCost":"","_EventCostDescription":"","_EventCurrencySymbol":"","_EventCurrencyCode":"","_EventCurrencyPosition":"","_EventDateTimeSeparator":"","_EventTimeRangeSeparator":"","_EventOrganizerID":[],"_EventVenueID":[],"_OrganizerEmail":"","_OrganizerPhone":"","_OrganizerWebsite":"","_VenueAddress":"","_VenueCity":"","_VenueCountry":"","_VenueProvince":"","_VenueState":"","_VenueZip":"","_VenuePhone":"","_VenueURL":"","_VenueStateProvince":"","_VenueLat":"","_VenueLng":"","_VenueShowMap":false,"_VenueShowMapLink":false,"footnotes":""},"categories":[68,50,69,15],"tags":[156,534,13],"class_list":["post-985","post","type-post","status-publish","format-standard","has-post-thumbnail","hentry","category-audio","category-composition","category-piano","category-violon","tag-composition-musicale","tag-piano","tag-violoncelle"],"_links":{"self":[{"href":"https:\/\/www.irreel.ch\/blog\/wp-json\/wp\/v2\/posts\/985","targetHints":{"allow":["GET"]}}],"collection":[{"href":"https:\/\/www.irreel.ch\/blog\/wp-json\/wp\/v2\/posts"}],"about":[{"href":"https:\/\/www.irreel.ch\/blog\/wp-json\/wp\/v2\/types\/post"}],"author":[{"embeddable":true,"href":"https:\/\/www.irreel.ch\/blog\/wp-json\/wp\/v2\/users\/5"}],"replies":[{"embeddable":true,"href":"https:\/\/www.irreel.ch\/blog\/wp-json\/wp\/v2\/comments?post=985"}],"version-history":[{"count":17,"href":"https:\/\/www.irreel.ch\/blog\/wp-json\/wp\/v2\/posts\/985\/revisions"}],"predecessor-version":[{"id":6590,"href":"https:\/\/www.irreel.ch\/blog\/wp-json\/wp\/v2\/posts\/985\/revisions\/6590"}],"wp:featuredmedia":[{"embeddable":true,"href":"https:\/\/www.irreel.ch\/blog\/wp-json\/wp\/v2\/media\/3904"}],"wp:attachment":[{"href":"https:\/\/www.irreel.ch\/blog\/wp-json\/wp\/v2\/media?parent=985"}],"wp:term":[{"taxonomy":"category","embeddable":true,"href":"https:\/\/www.irreel.ch\/blog\/wp-json\/wp\/v2\/categories?post=985"},{"taxonomy":"post_tag","embeddable":true,"href":"https:\/\/www.irreel.ch\/blog\/wp-json\/wp\/v2\/tags?post=985"}],"curies":[{"name":"wp","href":"https:\/\/api.w.org\/{rel}","templated":true}]}}