{"id":848,"date":"2009-12-13T20:36:38","date_gmt":"2009-12-13T18:36:38","guid":{"rendered":"http:\/\/www.irreel.org\/blog\/?p=848"},"modified":"2019-03-03T20:49:56","modified_gmt":"2019-03-03T18:49:56","slug":"poire-cure","status":"publish","type":"post","link":"https:\/\/www.irreel.ch\/blog\/poire-cure\/","title":{"rendered":"Poire Cur\u00e9 \/ fruit et fleurs"},"content":{"rendered":"\n<figure class=\"wp-block-image\"><a href=\"http:\/\/www.irreel.ch\/blog\/wp-content\/uploads\/poire-cure-1.jpg\"><img loading=\"lazy\" decoding=\"async\" width=\"800\" height=\"600\" src=\"http:\/\/www.irreel.ch\/blog\/wp-content\/uploads\/poire-cure-1.jpg\" alt=\"\" class=\"wp-image-4849\" srcset=\"https:\/\/www.irreel.ch\/blog\/wp-content\/uploads\/poire-cure-1.jpg 800w, https:\/\/www.irreel.ch\/blog\/wp-content\/uploads\/poire-cure-1-150x113.jpg 150w, https:\/\/www.irreel.ch\/blog\/wp-content\/uploads\/poire-cure-1-300x225.jpg 300w, https:\/\/www.irreel.ch\/blog\/wp-content\/uploads\/poire-cure-1-768x576.jpg 768w\" sizes=\"auto, (max-width: 800px) 100vw, 800px\" \/><\/a><figcaption>Tendre et savoureux fruits \u00e0 la chaire jaune claire<\/figcaption><\/figure>\n\n\n<p>Fruit du poirier Cur\u00e9<sup class='footnote'><a href='#fn-848-1' id='fnref-848-1' onclick='return fdfootnote_show(848)'>1<\/a><\/sup><\/p>\n<p>Poire douce et tendre, agr\u00e9able \u00e0 croquer, fondante sous la dent, bien sucr\u00e9e.<\/p>\n<p>Fruit de d\u00e9cembre: 17 d\u00e9cembre 2007 15h52.<\/p>\n<p>Le 21 avril 2015, le poirier cur\u00e9 est en fleurs, et quel parfum, et quelle d\u00e9licatesse dans les teintes de blanc et de rose.<\/p>\n\n\n<figure class=\"wp-block-image\"><a href=\"http:\/\/www.irreel.ch\/blog\/wp-content\/uploads\/fleurs-poirier-cure_Fotor.jpg\"><img decoding=\"async\" src=\"http:\/\/www.irreel.ch\/blog\/wp-content\/uploads\/fleurs-poirier-cure_Fotor.jpg\" alt=\"\"\/><\/a><figcaption>Fleurs en bouquet du poirier Cur\u00e9<\/figcaption><\/figure>\n\n\n<div class='footnotes' id='footnotes-848'><div class='footnotedivider'><\/div><ol><li id='fn-848-1'> Poire gard\u00e9e \u00e0 la remise au frais, \u00e0 l\u2019abri du gel, Pyrus communis. <span class='footnotereverse'><a href='#fnref-848-1'>&#8617;<\/a><\/span><\/li><\/ol><\/div>","protected":false},"excerpt":{"rendered":"<p>Fruit du poirier Cur\u00e91 Poire douce et tendre, agr\u00e9able \u00e0 croquer, fondante sous la dent, bien sucr\u00e9e. Fruit de d\u00e9cembre: 17 d\u00e9cembre 2007 15h52. Le 21 avril 2015, le poirier cur\u00e9 est en fleurs,&#46;&#46;&#46;<\/p>\n","protected":false},"author":5,"featured_media":3824,"comment_status":"open","ping_status":"closed","sticky":false,"template":"","format":"standard","meta":{"sfsi_plus_gutenberg_text_before_share":"","sfsi_plus_gutenberg_show_text_before_share":"","sfsi_plus_gutenberg_icon_type":"","sfsi_plus_gutenberg_icon_alignemt":"","sfsi_plus_gutenburg_max_per_row":"","_EventAllDay":false,"_EventTimezone":"","_EventStartDate":"","_EventEndDate":"","_EventStartDateUTC":"","_EventEndDateUTC":"","_EventShowMap":false,"_EventShowMapLink":false,"_EventURL":"","_EventCost":"","_EventCostDescription":"","_EventCurrencySymbol":"","_EventCurrencyCode":"","_EventCurrencyPosition":"","_EventDateTimeSeparator":"","_EventTimeRangeSeparator":"","_EventOrganizerID":[],"_EventVenueID":[],"_OrganizerEmail":"","_OrganizerPhone":"","_OrganizerWebsite":"","_VenueAddress":"","_VenueCity":"","_VenueCountry":"","_VenueProvince":"","_VenueState":"","_VenueZip":"","_VenuePhone":"","_VenueURL":"","_VenueStateProvince":"","_VenueLat":"","_VenueLng":"","_VenueShowMap":false,"_VenueShowMapLink":false,"footnotes":""},"categories":[21,37],"tags":[481,397,132],"class_list":["post-848","post","type-post","status-publish","format-standard","has-post-thumbnail","hentry","category-fleurs","category-fruit-jardin","tag-fruit-a-croquer","tag-fruit-de-decembre","tag-poire"],"_links":{"self":[{"href":"https:\/\/www.irreel.ch\/blog\/wp-json\/wp\/v2\/posts\/848","targetHints":{"allow":["GET"]}}],"collection":[{"href":"https:\/\/www.irreel.ch\/blog\/wp-json\/wp\/v2\/posts"}],"about":[{"href":"https:\/\/www.irreel.ch\/blog\/wp-json\/wp\/v2\/types\/post"}],"author":[{"embeddable":true,"href":"https:\/\/www.irreel.ch\/blog\/wp-json\/wp\/v2\/users\/5"}],"replies":[{"embeddable":true,"href":"https:\/\/www.irreel.ch\/blog\/wp-json\/wp\/v2\/comments?post=848"}],"version-history":[{"count":7,"href":"https:\/\/www.irreel.ch\/blog\/wp-json\/wp\/v2\/posts\/848\/revisions"}],"predecessor-version":[{"id":4850,"href":"https:\/\/www.irreel.ch\/blog\/wp-json\/wp\/v2\/posts\/848\/revisions\/4850"}],"wp:featuredmedia":[{"embeddable":true,"href":"https:\/\/www.irreel.ch\/blog\/wp-json\/wp\/v2\/media\/3824"}],"wp:attachment":[{"href":"https:\/\/www.irreel.ch\/blog\/wp-json\/wp\/v2\/media?parent=848"}],"wp:term":[{"taxonomy":"category","embeddable":true,"href":"https:\/\/www.irreel.ch\/blog\/wp-json\/wp\/v2\/categories?post=848"},{"taxonomy":"post_tag","embeddable":true,"href":"https:\/\/www.irreel.ch\/blog\/wp-json\/wp\/v2\/tags?post=848"}],"curies":[{"name":"wp","href":"https:\/\/api.w.org\/{rel}","templated":true}]}}