{"id":844,"date":"2009-12-13T20:30:54","date_gmt":"2009-12-13T18:30:54","guid":{"rendered":"http:\/\/www.irreel.org\/blog\/?p=844"},"modified":"2019-03-03T21:49:01","modified_gmt":"2019-03-03T19:49:01","slug":"poire-bergamotte","status":"publish","type":"post","link":"https:\/\/www.irreel.ch\/blog\/poire-bergamotte\/","title":{"rendered":"Poire Bergamotte"},"content":{"rendered":"\n<figure class=\"wp-block-image\"><a href=\"http:\/\/www.irreel.ch\/blog\/wp-content\/uploads\/poire-bergamotte-1.jpg\"><img loading=\"lazy\" decoding=\"async\" width=\"800\" height=\"600\" src=\"http:\/\/www.irreel.ch\/blog\/wp-content\/uploads\/poire-bergamotte-1.jpg\" alt=\"\" class=\"wp-image-4851\" srcset=\"https:\/\/www.irreel.ch\/blog\/wp-content\/uploads\/poire-bergamotte-1.jpg 800w, https:\/\/www.irreel.ch\/blog\/wp-content\/uploads\/poire-bergamotte-1-150x113.jpg 150w, https:\/\/www.irreel.ch\/blog\/wp-content\/uploads\/poire-bergamotte-1-300x225.jpg 300w, https:\/\/www.irreel.ch\/blog\/wp-content\/uploads\/poire-bergamotte-1-768x576.jpg 768w\" sizes=\"auto, (max-width: 800px) 100vw, 800px\" \/><\/a><figcaption>Petit plaisir rond en bouche avec une saveur d\u00e9licate<\/figcaption><\/figure>\n\n\n<p>Poire ronde, Bergamotte esperen<sup class='footnote'><a href='#fn-844-1' id='fnref-844-1' onclick='return fdfootnote_show(844)'>1<\/a><\/sup><\/p>\n<p>Poire tr\u00e8s sucr\u00e9e et parfum\u00e9e, de jolie forme ronde avec un petit bout , une r\u00e9galade de fin d&rsquo;automne.<\/p>\n<p>Fruits de d\u00e9cembre: 17 d\u00e9cembre 2007 15h43.<\/p>\n\n<div class='footnotes' id='footnotes-844'><div class='footnotedivider'><\/div><ol><li id='fn-844-1'> Poire gard\u00e9e \u00e0 la remise au frais, \u00e0 l\u2019abri du gel, Pyrus communis. <span class='footnotereverse'><a href='#fnref-844-1'>&#8617;<\/a><\/span><\/li><\/ol><\/div>","protected":false},"excerpt":{"rendered":"<p>Poire ronde, Bergamotte esperen1 Poire tr\u00e8s sucr\u00e9e et parfum\u00e9e, de jolie forme ronde avec un petit bout , une r\u00e9galade de fin d&rsquo;automne. Fruits de d\u00e9cembre: 17 d\u00e9cembre 2007 15h43. Poire gard\u00e9e \u00e0 la&#46;&#46;&#46;<\/p>\n","protected":false},"author":5,"featured_media":4283,"comment_status":"open","ping_status":"closed","sticky":false,"template":"","format":"standard","meta":{"sfsi_plus_gutenberg_text_before_share":"","sfsi_plus_gutenberg_show_text_before_share":"","sfsi_plus_gutenberg_icon_type":"","sfsi_plus_gutenberg_icon_alignemt":"","sfsi_plus_gutenburg_max_per_row":"","_EventAllDay":false,"_EventTimezone":"","_EventStartDate":"","_EventEndDate":"","_EventStartDateUTC":"","_EventEndDateUTC":"","_EventShowMap":false,"_EventShowMapLink":false,"_EventURL":"","_EventCost":"","_EventCostDescription":"","_EventCurrencySymbol":"","_EventCurrencyCode":"","_EventCurrencyPosition":"","_EventDateTimeSeparator":"","_EventTimeRangeSeparator":"","_EventOrganizerID":[],"_EventVenueID":[],"_OrganizerEmail":"","_OrganizerPhone":"","_OrganizerWebsite":"","_VenueAddress":"","_VenueCity":"","_VenueCountry":"","_VenueProvince":"","_VenueState":"","_VenueZip":"","_VenuePhone":"","_VenueURL":"","_VenueStateProvince":"","_VenueLat":"","_VenueLng":"","_VenueShowMap":false,"_VenueShowMapLink":false,"footnotes":""},"categories":[37],"tags":[481,397,98,132],"class_list":["post-844","post","type-post","status-publish","format-standard","has-post-thumbnail","hentry","category-fruit-jardin","tag-fruit-a-croquer","tag-fruit-de-decembre","tag-jaune","tag-poire"],"_links":{"self":[{"href":"https:\/\/www.irreel.ch\/blog\/wp-json\/wp\/v2\/posts\/844","targetHints":{"allow":["GET"]}}],"collection":[{"href":"https:\/\/www.irreel.ch\/blog\/wp-json\/wp\/v2\/posts"}],"about":[{"href":"https:\/\/www.irreel.ch\/blog\/wp-json\/wp\/v2\/types\/post"}],"author":[{"embeddable":true,"href":"https:\/\/www.irreel.ch\/blog\/wp-json\/wp\/v2\/users\/5"}],"replies":[{"embeddable":true,"href":"https:\/\/www.irreel.ch\/blog\/wp-json\/wp\/v2\/comments?post=844"}],"version-history":[{"count":3,"href":"https:\/\/www.irreel.ch\/blog\/wp-json\/wp\/v2\/posts\/844\/revisions"}],"predecessor-version":[{"id":4852,"href":"https:\/\/www.irreel.ch\/blog\/wp-json\/wp\/v2\/posts\/844\/revisions\/4852"}],"wp:featuredmedia":[{"embeddable":true,"href":"https:\/\/www.irreel.ch\/blog\/wp-json\/wp\/v2\/media\/4283"}],"wp:attachment":[{"href":"https:\/\/www.irreel.ch\/blog\/wp-json\/wp\/v2\/media?parent=844"}],"wp:term":[{"taxonomy":"category","embeddable":true,"href":"https:\/\/www.irreel.ch\/blog\/wp-json\/wp\/v2\/categories?post=844"},{"taxonomy":"post_tag","embeddable":true,"href":"https:\/\/www.irreel.ch\/blog\/wp-json\/wp\/v2\/tags?post=844"}],"curies":[{"name":"wp","href":"https:\/\/api.w.org\/{rel}","templated":true}]}}