{"id":793,"date":"2009-12-13T14:41:46","date_gmt":"2009-12-13T12:41:46","guid":{"rendered":"http:\/\/www.irreel.org\/blog\/?p=793"},"modified":"2019-03-04T06:40:10","modified_gmt":"2019-03-04T04:40:10","slug":"arbouses","status":"publish","type":"post","link":"https:\/\/www.irreel.ch\/blog\/arbouses\/","title":{"rendered":"Arbouses"},"content":{"rendered":"\n<figure class=\"wp-block-image\"><a href=\"http:\/\/www.irreel.ch\/blog\/wp-content\/uploads\/arbouses.jpg\"><img loading=\"lazy\" decoding=\"async\" width=\"1000\" height=\"750\" src=\"http:\/\/www.irreel.ch\/blog\/wp-content\/uploads\/arbouses.jpg\" alt=\"\" class=\"wp-image-4930\" srcset=\"https:\/\/www.irreel.ch\/blog\/wp-content\/uploads\/arbouses.jpg 1000w, https:\/\/www.irreel.ch\/blog\/wp-content\/uploads\/arbouses-150x113.jpg 150w, https:\/\/www.irreel.ch\/blog\/wp-content\/uploads\/arbouses-300x225.jpg 300w, https:\/\/www.irreel.ch\/blog\/wp-content\/uploads\/arbouses-768x576.jpg 768w\" sizes=\"auto, (max-width: 1000px) 100vw, 1000px\" \/><\/a><figcaption>les fruits m\u00fbrs et les fruits futurs tout petits \u00e0 peine form\u00e9s<\/figcaption><\/figure>\n\n\n<p>Belles arbouses<sup class='footnote'><a href='#fn-793-1' id='fnref-793-1' onclick='return fdfootnote_show(793)'>1<\/a><\/sup><\/p>\n<p>Petits fruits tr\u00e8s d\u00e9coratifs, bonbons tendre \u00e0 d\u00e9guster, petit d\u00e9lice de fin d\u2019automne, un peu granuleux, chair d\u00e9licate et sucr\u00e9e.<\/p>\n<p>Fruits de novembre: 9 novembre 2007 17h02<\/p>\n\n\n<figure class=\"wp-block-image\"><a href=\"http:\/\/www.irreel.ch\/blog\/wp-content\/uploads\/arbouse-1.jpg\"><img loading=\"lazy\" decoding=\"async\" width=\"1000\" height=\"750\" src=\"http:\/\/www.irreel.ch\/blog\/wp-content\/uploads\/arbouse-1.jpg\" alt=\"\" class=\"wp-image-4816\" srcset=\"https:\/\/www.irreel.ch\/blog\/wp-content\/uploads\/arbouse-1.jpg 1000w, https:\/\/www.irreel.ch\/blog\/wp-content\/uploads\/arbouse-1-150x113.jpg 150w, https:\/\/www.irreel.ch\/blog\/wp-content\/uploads\/arbouse-1-300x225.jpg 300w, https:\/\/www.irreel.ch\/blog\/wp-content\/uploads\/arbouse-1-768x576.jpg 768w\" sizes=\"auto, (max-width: 1000px) 100vw, 1000px\" \/><\/a><figcaption>Doux et sucr\u00e9 dans la bouche<\/figcaption><\/figure>\n\n\n<div class='footnotes' id='footnotes-793'><div class='footnotedivider'><\/div><ol><li id='fn-793-1'> Fruits de l\u2019arbousier, fraises de Corse, Arbutus unedo. <span class='footnotereverse'><a href='#fnref-793-1'>&#8617;<\/a><\/span><\/li><\/ol><\/div>","protected":false},"excerpt":{"rendered":"<p>Belles arbouses1 Petits fruits tr\u00e8s d\u00e9coratifs, bonbons tendre \u00e0 d\u00e9guster, petit d\u00e9lice de fin d\u2019automne, un peu granuleux, chair d\u00e9licate et sucr\u00e9e. Fruits de novembre: 9 novembre 2007 17h02 Fruits de l\u2019arbousier, fraises de&#46;&#46;&#46;<\/p>\n","protected":false},"author":5,"featured_media":4930,"comment_status":"open","ping_status":"closed","sticky":false,"template":"","format":"standard","meta":{"sfsi_plus_gutenberg_text_before_share":"","sfsi_plus_gutenberg_show_text_before_share":"","sfsi_plus_gutenberg_icon_type":"","sfsi_plus_gutenberg_icon_alignemt":"","sfsi_plus_gutenburg_max_per_row":"","_EventAllDay":false,"_EventTimezone":"","_EventStartDate":"","_EventEndDate":"","_EventStartDateUTC":"","_EventEndDateUTC":"","_EventShowMap":false,"_EventShowMapLink":false,"_EventURL":"","_EventCost":"","_EventCostDescription":"","_EventCurrencySymbol":"","_EventCurrencyCode":"","_EventCurrencyPosition":"","_EventDateTimeSeparator":"","_EventTimeRangeSeparator":"","_EventOrganizerID":[],"_EventVenueID":[],"_OrganizerEmail":"","_OrganizerPhone":"","_OrganizerWebsite":"","_VenueAddress":"","_VenueCity":"","_VenueCountry":"","_VenueProvince":"","_VenueState":"","_VenueZip":"","_VenuePhone":"","_VenueURL":"","_VenueStateProvince":"","_VenueLat":"","_VenueLng":"","_VenueShowMap":false,"_VenueShowMapLink":false,"footnotes":""},"categories":[58,37],"tags":[108,481,400,62],"class_list":["post-793","post","type-post","status-publish","format-standard","has-post-thumbnail","hentry","category-feuilles","category-fruit-jardin","tag-arbouse","tag-fruit-a-croquer","tag-fruit-de-novembre","tag-rouge"],"_links":{"self":[{"href":"https:\/\/www.irreel.ch\/blog\/wp-json\/wp\/v2\/posts\/793","targetHints":{"allow":["GET"]}}],"collection":[{"href":"https:\/\/www.irreel.ch\/blog\/wp-json\/wp\/v2\/posts"}],"about":[{"href":"https:\/\/www.irreel.ch\/blog\/wp-json\/wp\/v2\/types\/post"}],"author":[{"embeddable":true,"href":"https:\/\/www.irreel.ch\/blog\/wp-json\/wp\/v2\/users\/5"}],"replies":[{"embeddable":true,"href":"https:\/\/www.irreel.ch\/blog\/wp-json\/wp\/v2\/comments?post=793"}],"version-history":[{"count":5,"href":"https:\/\/www.irreel.ch\/blog\/wp-json\/wp\/v2\/posts\/793\/revisions"}],"predecessor-version":[{"id":4931,"href":"https:\/\/www.irreel.ch\/blog\/wp-json\/wp\/v2\/posts\/793\/revisions\/4931"}],"wp:featuredmedia":[{"embeddable":true,"href":"https:\/\/www.irreel.ch\/blog\/wp-json\/wp\/v2\/media\/4930"}],"wp:attachment":[{"href":"https:\/\/www.irreel.ch\/blog\/wp-json\/wp\/v2\/media?parent=793"}],"wp:term":[{"taxonomy":"category","embeddable":true,"href":"https:\/\/www.irreel.ch\/blog\/wp-json\/wp\/v2\/categories?post=793"},{"taxonomy":"post_tag","embeddable":true,"href":"https:\/\/www.irreel.ch\/blog\/wp-json\/wp\/v2\/tags?post=793"}],"curies":[{"name":"wp","href":"https:\/\/api.w.org\/{rel}","templated":true}]}}