{"id":762,"date":"2009-12-13T00:21:34","date_gmt":"2009-12-12T22:21:34","guid":{"rendered":"http:\/\/www.irreel.org\/blog\/?p=762"},"modified":"2019-03-03T20:09:24","modified_gmt":"2019-03-03T18:09:24","slug":"framboises-a-baies-jaunes","status":"publish","type":"post","link":"https:\/\/www.irreel.ch\/blog\/framboises-a-baies-jaunes\/","title":{"rendered":"Framboises \u00e0 baies jaunes"},"content":{"rendered":"\n<figure class=\"wp-block-image\"><a href=\"http:\/\/www.irreel.ch\/blog\/wp-content\/uploads\/framboises-jaunes-1.jpg\"><img loading=\"lazy\" decoding=\"async\" width=\"1000\" height=\"748\" src=\"http:\/\/www.irreel.ch\/blog\/wp-content\/uploads\/framboises-jaunes-1.jpg\" alt=\"\" class=\"wp-image-4823\" srcset=\"https:\/\/www.irreel.ch\/blog\/wp-content\/uploads\/framboises-jaunes-1.jpg 1000w, https:\/\/www.irreel.ch\/blog\/wp-content\/uploads\/framboises-jaunes-1-150x112.jpg 150w, https:\/\/www.irreel.ch\/blog\/wp-content\/uploads\/framboises-jaunes-1-300x224.jpg 300w, https:\/\/www.irreel.ch\/blog\/wp-content\/uploads\/framboises-jaunes-1-768x574.jpg 768w\" sizes=\"auto, (max-width: 1000px) 100vw, 1000px\" \/><\/a><figcaption>Petites perles jaunes \u00e0 d\u00e9guster<\/figcaption><\/figure>\n\n\n<p>Framboises \u00e0 baies jaunes<sup class='footnote'><a href='#fn-762-1' id='fnref-762-1' onclick='return fdfootnote_show(762)'>1<\/a><\/sup><\/p>\n<p>Fruits d\u00e9licats, color\u00e9s et amusants, plaisir de la mi-automne. Un jolie surprise quand on se prom\u00e8ne au jardin.<\/p>\n<p>Fruits de novembre: 6 novembre 2007 14h24.<\/p>\n\n<div class='footnotes' id='footnotes-762'><div class='footnotedivider'><\/div><ol><li id='fn-762-1'> Framboises annuelles, fleurissant et donnant le fruit dans le courant de la m\u00eame ann\u00e9e sur la pousse, au fruit de couleur jaune, Rubus idaeus. <span class='footnotereverse'><a href='#fnref-762-1'>&#8617;<\/a><\/span><\/li><\/ol><\/div>","protected":false},"excerpt":{"rendered":"<p>Framboises \u00e0 baies jaunes1 Fruits d\u00e9licats, color\u00e9s et amusants, plaisir de la mi-automne. Un jolie surprise quand on se prom\u00e8ne au jardin. Fruits de novembre: 6 novembre 2007 14h24. Framboises annuelles, fleurissant et donnant&#46;&#46;&#46;<\/p>\n","protected":false},"author":5,"featured_media":4342,"comment_status":"open","ping_status":"closed","sticky":false,"template":"","format":"standard","meta":{"sfsi_plus_gutenberg_text_before_share":"","sfsi_plus_gutenberg_show_text_before_share":"","sfsi_plus_gutenberg_icon_type":"","sfsi_plus_gutenberg_icon_alignemt":"","sfsi_plus_gutenburg_max_per_row":"","_EventAllDay":false,"_EventTimezone":"","_EventStartDate":"","_EventEndDate":"","_EventStartDateUTC":"","_EventEndDateUTC":"","_EventShowMap":false,"_EventShowMapLink":false,"_EventURL":"","_EventCost":"","_EventCostDescription":"","_EventCurrencySymbol":"","_EventCurrencyCode":"","_EventCurrencyPosition":"","_EventDateTimeSeparator":"","_EventTimeRangeSeparator":"","_EventOrganizerID":[],"_EventVenueID":[],"_OrganizerEmail":"","_OrganizerPhone":"","_OrganizerWebsite":"","_VenueAddress":"","_VenueCity":"","_VenueCountry":"","_VenueProvince":"","_VenueState":"","_VenueZip":"","_VenuePhone":"","_VenueURL":"","_VenueStateProvince":"","_VenueLat":"","_VenueLng":"","_VenueShowMap":false,"_VenueShowMapLink":false,"footnotes":""},"categories":[37],"tags":[106,481,400,98],"class_list":["post-762","post","type-post","status-publish","format-standard","has-post-thumbnail","hentry","category-fruit-jardin","tag-framboise","tag-fruit-a-croquer","tag-fruit-de-novembre","tag-jaune"],"_links":{"self":[{"href":"https:\/\/www.irreel.ch\/blog\/wp-json\/wp\/v2\/posts\/762","targetHints":{"allow":["GET"]}}],"collection":[{"href":"https:\/\/www.irreel.ch\/blog\/wp-json\/wp\/v2\/posts"}],"about":[{"href":"https:\/\/www.irreel.ch\/blog\/wp-json\/wp\/v2\/types\/post"}],"author":[{"embeddable":true,"href":"https:\/\/www.irreel.ch\/blog\/wp-json\/wp\/v2\/users\/5"}],"replies":[{"embeddable":true,"href":"https:\/\/www.irreel.ch\/blog\/wp-json\/wp\/v2\/comments?post=762"}],"version-history":[{"count":3,"href":"https:\/\/www.irreel.ch\/blog\/wp-json\/wp\/v2\/posts\/762\/revisions"}],"predecessor-version":[{"id":4824,"href":"https:\/\/www.irreel.ch\/blog\/wp-json\/wp\/v2\/posts\/762\/revisions\/4824"}],"wp:featuredmedia":[{"embeddable":true,"href":"https:\/\/www.irreel.ch\/blog\/wp-json\/wp\/v2\/media\/4342"}],"wp:attachment":[{"href":"https:\/\/www.irreel.ch\/blog\/wp-json\/wp\/v2\/media?parent=762"}],"wp:term":[{"taxonomy":"category","embeddable":true,"href":"https:\/\/www.irreel.ch\/blog\/wp-json\/wp\/v2\/categories?post=762"},{"taxonomy":"post_tag","embeddable":true,"href":"https:\/\/www.irreel.ch\/blog\/wp-json\/wp\/v2\/tags?post=762"}],"curies":[{"name":"wp","href":"https:\/\/api.w.org\/{rel}","templated":true}]}}