{"id":72,"date":"2008-07-02T22:57:07","date_gmt":"2008-07-02T20:57:07","guid":{"rendered":"http:\/\/www.irreel.ch\/blog\/?p=72"},"modified":"2020-04-12T06:47:19","modified_gmt":"2020-04-12T04:47:19","slug":"le-merle-bleu-pour-guitare-et-clavecin","status":"publish","type":"post","link":"https:\/\/www.irreel.ch\/blog\/le-merle-bleu-pour-guitare-et-clavecin\/","title":{"rendered":"Guitare et clavecin \/ Le merle bleu"},"content":{"rendered":"\n<p>DANIEL THOMAS<br>\nLe Merle Bleu \/ El Mirlo Azul<br>\npour guitare et clavecin (ou piano) \/ para guitarra y clavec\u00edn (o piano) Revis\u00e9 et doigt\u00e9 \/ Revisi\u00f3n y digitaci\u00f3n: Ernesto Mayhuire<br>\nJuan Brito \/ Editor<br>\nLima &#8211; Per\u00fa 2009<\/p>\n\n\n<a href=\"https:\/\/www.irreel.ch\/blog\/wp-content\/uploads\/Merle-bleu-extrait-copie.pdf\" class=\"pdfemb-viewer\" style=\"\" data-width=\"max\" data-height=\"max\" data-toolbar=\"bottom\" data-toolbar-fixed=\"off\">Merle-bleu-extrait-copie<\/a>\n<p class=\"wp-block-pdfemb-pdf-embedder-viewer\"><\/p>\n\n\n\n<div class=\"wp-block-file\"><a href=\"https:\/\/www.irreel.ch\/blog\/wp-content\/uploads\/Merle-bleu-extrait-copie.pdf\">Merle-bleu-extrait copie<\/a><a href=\"https:\/\/www.irreel.ch\/blog\/wp-content\/uploads\/Merle-bleu-extrait-copie.pdf\" class=\"wp-block-file__button\" download>T\u00e9l\u00e9charger<\/a><\/div>\n\n\n\n<p>Vous pouvez commander cette partition par Paypal avec le bouton en-dessous, au prix de 20.- Frs.<\/p>\n\n\n\n<figure class=\"wp-block-image alignnone\"><a href=\"http:\/\/www.langages.ch\/blog\/wp-content\/uploads\/merlebleu2.jpg\"><img decoding=\"async\" src=\"http:\/\/www.langages.ch\/blog\/wp-content\/uploads\/merlebleu2.jpg\" alt=\"partition le merle bleu\" class=\"wp-image-1781\"\/><\/a><\/figure>\n\n\n\n<form action=\"https:\/\/www.paypal.com\/cgi-bin\/webscr\" method=\"post\"> <input alt=\"Jetzt einfach, schnell und sicher online bezahlen \u2013 mit PayPal.\" name=\"submit\" src=\"https:\/\/www.paypal.com\/fr_FR\/CH\/i\/btn\/btn_cart_LG.gif\" type=\"image\"> <img loading=\"lazy\" decoding=\"async\" src=\"https:\/\/www.paypal.com\/fr_FR\/i\/scr\/pixel.gif\" border=\"0\" alt=\"\" width=\"1\" height=\"1\"><p><\/p>\n<p><input name=\"add\" type=\"hidden\" value=\"1\"> <input name=\"cmd\" type=\"hidden\" value=\"_cart\"> <input name=\"business\" type=\"hidden\" value=\"dt@carillonneur.ch\"> <input name=\"item_name\" type=\"hidden\" value=\"Partition le Merle Bleu, guitare et clavecin\"> <input name=\"item_number\" type=\"hidden\" value=\"partition001\"> <input name=\"amount\" type=\"hidden\" value=\"20.00\"> <input name=\"no_shipping\" type=\"hidden\" value=\"0\"> <input name=\"no_note\" type=\"hidden\" value=\"1\"> <input name=\"currency_code\" type=\"hidden\" value=\"CHF\"> <input name=\"lc\" type=\"hidden\" value=\"CH\"> <input name=\"bn\" type=\"hidden\" value=\"PP-ShopCartBF\"> <\/p><\/form>\n\n\n\n<form action=\"https:\/\/www.paypal.com\/cgi-bin\/webscr\" method=\"post\"> <input name=\"cmd\" type=\"hidden\" value=\"_cart\"> <input name=\"business\" type=\"hidden\" value=\"dt@carillonneur.ch\"> <input alt=\"PayPal - la solution de paiement en ligne la plus simple et la plus s\u00e9curis\u00e9e !\" name=\"submit\" src=\"https:\/\/www.paypal.com\/fr_FR\/i\/btn\/view_cart.gif\" type=\"image\"> <input name=\"display\" type=\"hidden\" value=\"1\"> <\/form>\n\n\n\n<p>Extrait:<br> 1\u00e8re partie du merle bleu pour guitare et clavecin de Daniel Thomas, ici en version num\u00e9rique, avec la partition d\u00e9filant.<\/p>\n\n\n\n<figure class=\"wp-block-embed-dailymotion wp-block-embed is-type-video is-provider-dailymotion wp-embed-aspect-4-3 wp-has-aspect-ratio\"><div class=\"wp-block-embed__wrapper\">\n<div class=\"video-container\"><iframe loading=\"lazy\" title=\"Le merle bleu pour guitare et clavecin\" frameborder=\"0\" width=\"500\" height=\"375\" src=\"https:\/\/geo.dailymotion.com\/player.html?video=x5zvtr&#038;\" allowfullscreen allow=\"autoplay; fullscreen; picture-in-picture; web-share\"><\/iframe><\/div>\n<\/div><\/figure>\n\n\n\n<p>Autre extrait dans\u00e9:<br>\n<iframe loading=\"lazy\" frameborder=\"0\" width=\"600\" height=\"338\" src=\"\/\/www.dailymotion.com\/embed\/video\/x843fz\" allowfullscreen=\"\"><\/iframe><br><a href=\"http:\/\/www.dailymotion.com\/video\/x843fz_danse-le-merle-bleu_music\" target=\"_blank\" rel=\"noopener noreferrer\">Danse \u00ab\u00a0le merle bleu\u00a0\u00bb<\/a> <i>par <a href=\"http:\/\/www.dailymotion.com\/polymusicien\" target=\"_blank\" rel=\"noopener noreferrer\">polymusicien<\/a><\/i><\/p>\n","protected":false},"excerpt":{"rendered":"<p>DANIEL THOMAS Le Merle Bleu \/ El Mirlo Azul pour guitare et clavecin (ou piano) \/ para guitarra y clavec\u00edn (o piano) Revis\u00e9 et doigt\u00e9 \/ Revisi\u00f3n y digitaci\u00f3n: Ernesto Mayhuire Juan Brito \/&#46;&#46;&#46;<\/p>\n","protected":false},"author":191,"featured_media":3993,"comment_status":"open","ping_status":"closed","sticky":false,"template":"","format":"standard","meta":{"sfsi_plus_gutenberg_text_before_share":"","sfsi_plus_gutenberg_show_text_before_share":"","sfsi_plus_gutenberg_icon_type":"","sfsi_plus_gutenberg_icon_alignemt":"","sfsi_plus_gutenburg_max_per_row":"","_EventAllDay":false,"_EventTimezone":"","_EventStartDate":"","_EventEndDate":"","_EventStartDateUTC":"","_EventEndDateUTC":"","_EventShowMap":false,"_EventShowMapLink":false,"_EventURL":"","_EventCost":"","_EventCostDescription":"","_EventCurrencySymbol":"","_EventCurrencyCode":"","_EventCurrencyPosition":"","_EventDateTimeSeparator":"","_EventTimeRangeSeparator":"","_EventOrganizerID":[],"_EventVenueID":[],"_OrganizerEmail":"","_OrganizerPhone":"","_OrganizerWebsite":"","_VenueAddress":"","_VenueCity":"","_VenueCountry":"","_VenueProvince":"","_VenueState":"","_VenueZip":"","_VenuePhone":"","_VenueURL":"","_VenueStateProvince":"","_VenueLat":"","_VenueLng":"","_VenueShowMap":false,"_VenueShowMapLink":false,"footnotes":""},"categories":[48,50,47,492,69,14],"tags":[527,528,526,493,534],"class_list":["post-72","post","type-post","status-publish","format-standard","has-post-thumbnail","hentry","category-clavecin","category-composition","category-guitare","category-partition-musicale","category-piano","category-video","tag-clavecin","tag-composition","tag-guitare","tag-partition","tag-piano"],"_links":{"self":[{"href":"https:\/\/www.irreel.ch\/blog\/wp-json\/wp\/v2\/posts\/72","targetHints":{"allow":["GET"]}}],"collection":[{"href":"https:\/\/www.irreel.ch\/blog\/wp-json\/wp\/v2\/posts"}],"about":[{"href":"https:\/\/www.irreel.ch\/blog\/wp-json\/wp\/v2\/types\/post"}],"author":[{"embeddable":true,"href":"https:\/\/www.irreel.ch\/blog\/wp-json\/wp\/v2\/users\/191"}],"replies":[{"embeddable":true,"href":"https:\/\/www.irreel.ch\/blog\/wp-json\/wp\/v2\/comments?post=72"}],"version-history":[{"count":9,"href":"https:\/\/www.irreel.ch\/blog\/wp-json\/wp\/v2\/posts\/72\/revisions"}],"predecessor-version":[{"id":6497,"href":"https:\/\/www.irreel.ch\/blog\/wp-json\/wp\/v2\/posts\/72\/revisions\/6497"}],"wp:featuredmedia":[{"embeddable":true,"href":"https:\/\/www.irreel.ch\/blog\/wp-json\/wp\/v2\/media\/3993"}],"wp:attachment":[{"href":"https:\/\/www.irreel.ch\/blog\/wp-json\/wp\/v2\/media?parent=72"}],"wp:term":[{"taxonomy":"category","embeddable":true,"href":"https:\/\/www.irreel.ch\/blog\/wp-json\/wp\/v2\/categories?post=72"},{"taxonomy":"post_tag","embeddable":true,"href":"https:\/\/www.irreel.ch\/blog\/wp-json\/wp\/v2\/tags?post=72"}],"curies":[{"name":"wp","href":"https:\/\/api.w.org\/{rel}","templated":true}]}}