{"id":714,"date":"2009-12-12T12:44:59","date_gmt":"2009-12-12T10:44:59","guid":{"rendered":"http:\/\/www.irreel.org\/blog\/?p=714"},"modified":"2019-03-03T20:22:04","modified_gmt":"2019-03-03T18:22:04","slug":"raisin-de-framboise-bleu","status":"publish","type":"post","link":"https:\/\/www.irreel.ch\/blog\/raisin-de-framboise-bleu\/","title":{"rendered":"Raisin de frambois\u00e9 bleu"},"content":{"rendered":"\n<figure class=\"wp-block-image\"><a href=\"http:\/\/www.irreel.ch\/blog\/wp-content\/uploads\/framboise-bleu-1.jpg\"><img loading=\"lazy\" decoding=\"async\" width=\"1000\" height=\"750\" src=\"http:\/\/www.irreel.ch\/blog\/wp-content\/uploads\/framboise-bleu-1.jpg\" alt=\"\" class=\"wp-image-4831\" srcset=\"https:\/\/www.irreel.ch\/blog\/wp-content\/uploads\/framboise-bleu-1.jpg 1000w, https:\/\/www.irreel.ch\/blog\/wp-content\/uploads\/framboise-bleu-1-150x113.jpg 150w, https:\/\/www.irreel.ch\/blog\/wp-content\/uploads\/framboise-bleu-1-300x225.jpg 300w, https:\/\/www.irreel.ch\/blog\/wp-content\/uploads\/framboise-bleu-1-768x576.jpg 768w\" sizes=\"auto, (max-width: 1000px) 100vw, 1000px\" \/><\/a><figcaption>Couleur profonde, saveur particuli\u00e8re, joies de l&rsquo;automne et jus abondants<\/figcaption><\/figure>\n\n\n<p>Raisin bleu<sup class='footnote'><a href='#fn-714-1' id='fnref-714-1' onclick='return fdfootnote_show(714)'>1<\/a><\/sup><\/p>\n<p>Raisin \u00e0 la pulpe bien noire violette, go\u00fbteuse et parfum\u00e9e.\u00a0Se conserve longtemps sur la plante, si on met des petits filets<sup class='footnote'><a href='#fn-714-2' id='fnref-714-2' onclick='return fdfootnote_show(714)'>2<\/a><\/sup>\u00a0contre les oiseaux .<\/p>\n<p>Se conserve aussi dans une remise fra\u00eeche et humide, il se ratatine un peu, mais garde son bon go\u00fbt.<\/p>\n<p>Fruits de novembre: 6 novembre 2007 14h38<\/p>\n<p>R\u00eave d&rsquo;un bonheur tranquille, fait de saveurs et d&rsquo;odeurs d\u00e9licates, avant l&rsquo;arriv\u00e9e de l&rsquo;hiver, les derniers jours de beaux, les derniers fruits encore sur les arbres, sur la vigne.<\/p>\n<p>Couleurs et formes, un d\u00e9lice \u00e0 voir, et aussi ensuite \u00e0 croquer! Pourquoi se priver, jouir de ces jours!<\/p>\n\n<div class='footnotes' id='footnotes-714'><div class='footnotedivider'><\/div><ol><li id='fn-714-1'> Grappe de raisin de vari\u00e9t\u00e9 frambois\u00e9 tessinois bleu, Vitis vinifera. <span class='footnotereverse'><a href='#fnref-714-1'>&#8617;<\/a><\/span><\/li><li id='fn-714-2'> Filets individuels, un par grappe, bien ferm\u00e9 ou grands filets. <span class='footnotereverse'><a href='#fnref-714-2'>&#8617;<\/a><\/span><\/li><\/ol><\/div>","protected":false},"excerpt":{"rendered":"<p>Raisin bleu1 Raisin \u00e0 la pulpe bien noire violette, go\u00fbteuse et parfum\u00e9e.\u00a0Se conserve longtemps sur la plante, si on met des petits filets2\u00a0contre les oiseaux . Se conserve aussi dans une remise fra\u00eeche et&#46;&#46;&#46;<\/p>\n","protected":false},"author":5,"featured_media":4290,"comment_status":"open","ping_status":"closed","sticky":false,"template":"","format":"standard","meta":{"sfsi_plus_gutenberg_text_before_share":"","sfsi_plus_gutenberg_show_text_before_share":"","sfsi_plus_gutenberg_icon_type":"","sfsi_plus_gutenberg_icon_alignemt":"","sfsi_plus_gutenburg_max_per_row":"","_EventAllDay":false,"_EventTimezone":"","_EventStartDate":"","_EventEndDate":"","_EventStartDateUTC":"","_EventEndDateUTC":"","_EventShowMap":false,"_EventShowMapLink":false,"_EventURL":"","_EventCost":"","_EventCostDescription":"","_EventCurrencySymbol":"","_EventCurrencyCode":"","_EventCurrencyPosition":"","_EventDateTimeSeparator":"","_EventTimeRangeSeparator":"","_EventOrganizerID":[],"_EventVenueID":[],"_OrganizerEmail":"","_OrganizerPhone":"","_OrganizerWebsite":"","_VenueAddress":"","_VenueCity":"","_VenueCountry":"","_VenueProvince":"","_VenueState":"","_VenueZip":"","_VenuePhone":"","_VenueURL":"","_VenueStateProvince":"","_VenueLat":"","_VenueLng":"","_VenueShowMap":false,"_VenueShowMapLink":false,"footnotes":""},"categories":[37],"tags":[374,481,400,448,33],"class_list":["post-714","post","type-post","status-publish","format-standard","has-post-thumbnail","hentry","category-fruit-jardin","tag-bleu","tag-fruit-a-croquer","tag-fruit-de-novembre","tag-noir","tag-raisin"],"_links":{"self":[{"href":"https:\/\/www.irreel.ch\/blog\/wp-json\/wp\/v2\/posts\/714","targetHints":{"allow":["GET"]}}],"collection":[{"href":"https:\/\/www.irreel.ch\/blog\/wp-json\/wp\/v2\/posts"}],"about":[{"href":"https:\/\/www.irreel.ch\/blog\/wp-json\/wp\/v2\/types\/post"}],"author":[{"embeddable":true,"href":"https:\/\/www.irreel.ch\/blog\/wp-json\/wp\/v2\/users\/5"}],"replies":[{"embeddable":true,"href":"https:\/\/www.irreel.ch\/blog\/wp-json\/wp\/v2\/comments?post=714"}],"version-history":[{"count":9,"href":"https:\/\/www.irreel.ch\/blog\/wp-json\/wp\/v2\/posts\/714\/revisions"}],"predecessor-version":[{"id":4833,"href":"https:\/\/www.irreel.ch\/blog\/wp-json\/wp\/v2\/posts\/714\/revisions\/4833"}],"wp:featuredmedia":[{"embeddable":true,"href":"https:\/\/www.irreel.ch\/blog\/wp-json\/wp\/v2\/media\/4290"}],"wp:attachment":[{"href":"https:\/\/www.irreel.ch\/blog\/wp-json\/wp\/v2\/media?parent=714"}],"wp:term":[{"taxonomy":"category","embeddable":true,"href":"https:\/\/www.irreel.ch\/blog\/wp-json\/wp\/v2\/categories?post=714"},{"taxonomy":"post_tag","embeddable":true,"href":"https:\/\/www.irreel.ch\/blog\/wp-json\/wp\/v2\/tags?post=714"}],"curies":[{"name":"wp","href":"https:\/\/api.w.org\/{rel}","templated":true}]}}