{"id":710,"date":"2009-12-12T12:10:39","date_gmt":"2009-12-12T10:10:39","guid":{"rendered":"http:\/\/www.irreel.org\/blog\/?p=710"},"modified":"2019-03-03T20:23:57","modified_gmt":"2019-03-03T18:23:57","slug":"mandarine-satsuma","status":"publish","type":"post","link":"https:\/\/www.irreel.ch\/blog\/mandarine-satsuma\/","title":{"rendered":"Mandarine Satsuma"},"content":{"rendered":"\n<figure class=\"wp-block-image\"><a href=\"http:\/\/www.irreel.ch\/blog\/wp-content\/uploads\/mandarine-satsuma-1.jpg\"><img loading=\"lazy\" decoding=\"async\" width=\"1000\" height=\"748\" src=\"http:\/\/www.irreel.ch\/blog\/wp-content\/uploads\/mandarine-satsuma-1.jpg\" alt=\"\" class=\"wp-image-4834\" srcset=\"https:\/\/www.irreel.ch\/blog\/wp-content\/uploads\/mandarine-satsuma-1.jpg 1000w, https:\/\/www.irreel.ch\/blog\/wp-content\/uploads\/mandarine-satsuma-1-150x112.jpg 150w, https:\/\/www.irreel.ch\/blog\/wp-content\/uploads\/mandarine-satsuma-1-300x224.jpg 300w, https:\/\/www.irreel.ch\/blog\/wp-content\/uploads\/mandarine-satsuma-1-768x574.jpg 768w\" sizes=\"auto, (max-width: 1000px) 100vw, 1000px\" \/><\/a><figcaption>Un d\u00e9lice et quelles couleurs!<\/figcaption><\/figure>\n\n\n<p>Fruits de novembre: 6 novembre 2007 13h28<\/p>\n<p>Mandarine Satsuma<sup class='footnote'><a href='#fn-710-1' id='fnref-710-1' onclick='return fdfootnote_show(710)'>1<\/a><\/sup><br \/>Pr\u00e9coce, savoureuse, acidul\u00e9e et sucr\u00e9e, parfum\u00e9e, fruit en orangerie.<\/p>\n<p>Un plaisir frais et juteux, un petit tr\u00e9sor \u00e0 saisir en cette saison fra\u00eeche. Le fruit est tr\u00e8s tendre, se p\u00e8le facilement, les quartiers se s\u00e9parent facilement.<br \/>Il est important de manger le fruit \u00a0peu de temps apr\u00e8s l&rsquo;avoir cueilli, pour profiter de toute sa saveur et de son parfum.<\/p>\n\n<div class='footnotes' id='footnotes-710'><div class='footnotedivider'><\/div><ol><li id='fn-710-1'> Mandarine pr\u00e9coce, tr\u00e8s r\u00e9sistante au froid, vari\u00e9t\u00e9 provenant du Japon,\u00a0Citrus reticulata unshiu. <span class='footnotereverse'><a href='#fnref-710-1'>&#8617;<\/a><\/span><\/li><\/ol><\/div>","protected":false},"excerpt":{"rendered":"<p>Fruits de novembre: 6 novembre 2007 13h28 Mandarine Satsuma1Pr\u00e9coce, savoureuse, acidul\u00e9e et sucr\u00e9e, parfum\u00e9e, fruit en orangerie. Un plaisir frais et juteux, un petit tr\u00e9sor \u00e0 saisir en cette saison fra\u00eeche. Le fruit est&#46;&#46;&#46;<\/p>\n","protected":false},"author":5,"featured_media":4300,"comment_status":"open","ping_status":"closed","sticky":false,"template":"","format":"standard","meta":{"sfsi_plus_gutenberg_text_before_share":"","sfsi_plus_gutenberg_show_text_before_share":"","sfsi_plus_gutenberg_icon_type":"","sfsi_plus_gutenberg_icon_alignemt":"","sfsi_plus_gutenburg_max_per_row":"","_EventAllDay":false,"_EventTimezone":"","_EventStartDate":"","_EventEndDate":"","_EventStartDateUTC":"","_EventEndDateUTC":"","_EventShowMap":false,"_EventShowMapLink":false,"_EventURL":"","_EventCost":"","_EventCostDescription":"","_EventCurrencySymbol":"","_EventCurrencyCode":"","_EventCurrencyPosition":"","_EventDateTimeSeparator":"","_EventTimeRangeSeparator":"","_EventOrganizerID":[],"_EventVenueID":[],"_OrganizerEmail":"","_OrganizerPhone":"","_OrganizerWebsite":"","_VenueAddress":"","_VenueCity":"","_VenueCountry":"","_VenueProvince":"","_VenueState":"","_VenueZip":"","_VenuePhone":"","_VenueURL":"","_VenueStateProvince":"","_VenueLat":"","_VenueLng":"","_VenueShowMap":false,"_VenueShowMapLink":false,"footnotes":""},"categories":[37],"tags":[481,400,103,150],"class_list":["post-710","post","type-post","status-publish","format-standard","has-post-thumbnail","hentry","category-fruit-jardin","tag-fruit-a-croquer","tag-fruit-de-novembre","tag-mandarine","tag-orange"],"_links":{"self":[{"href":"https:\/\/www.irreel.ch\/blog\/wp-json\/wp\/v2\/posts\/710","targetHints":{"allow":["GET"]}}],"collection":[{"href":"https:\/\/www.irreel.ch\/blog\/wp-json\/wp\/v2\/posts"}],"about":[{"href":"https:\/\/www.irreel.ch\/blog\/wp-json\/wp\/v2\/types\/post"}],"author":[{"embeddable":true,"href":"https:\/\/www.irreel.ch\/blog\/wp-json\/wp\/v2\/users\/5"}],"replies":[{"embeddable":true,"href":"https:\/\/www.irreel.ch\/blog\/wp-json\/wp\/v2\/comments?post=710"}],"version-history":[{"count":4,"href":"https:\/\/www.irreel.ch\/blog\/wp-json\/wp\/v2\/posts\/710\/revisions"}],"predecessor-version":[{"id":4835,"href":"https:\/\/www.irreel.ch\/blog\/wp-json\/wp\/v2\/posts\/710\/revisions\/4835"}],"wp:featuredmedia":[{"embeddable":true,"href":"https:\/\/www.irreel.ch\/blog\/wp-json\/wp\/v2\/media\/4300"}],"wp:attachment":[{"href":"https:\/\/www.irreel.ch\/blog\/wp-json\/wp\/v2\/media?parent=710"}],"wp:term":[{"taxonomy":"category","embeddable":true,"href":"https:\/\/www.irreel.ch\/blog\/wp-json\/wp\/v2\/categories?post=710"},{"taxonomy":"post_tag","embeddable":true,"href":"https:\/\/www.irreel.ch\/blog\/wp-json\/wp\/v2\/tags?post=710"}],"curies":[{"name":"wp","href":"https:\/\/api.w.org\/{rel}","templated":true}]}}