{"id":68,"date":"2008-06-25T07:42:35","date_gmt":"2008-06-25T05:42:35","guid":{"rendered":"http:\/\/www.irreel.ch\/blog\/?p=68"},"modified":"2017-01-13T15:17:35","modified_gmt":"2017-01-13T13:17:35","slug":"regard-dansant-dans-la-nuit","status":"publish","type":"post","link":"https:\/\/www.irreel.ch\/blog\/regard-dansant-dans-la-nuit\/","title":{"rendered":"Regard dansant dans la nuit"},"content":{"rendered":"<p><a title=\"Carla danse et son regard\" href=\"http:\/\/irreel.ch\/danse\/images-danse\/carla-merle-inquietude.jpg\"><img decoding=\"async\" class=\"alignleft\" style=\"float: left;\" src=\"http:\/\/irreel.ch\/danse\/images-danse\/carla-merle-inquietude.jpg\" alt=\"danse Carla\" width=\"585\" \/><\/a><br \/>\nElle danse dans la nuit, et son regard perce, quelle inqui\u00e9tude, quelle interrogation!<\/p>\n<p>Carla Strebel danse le Merle Bleu, Gen\u00e8ve 2007.<\/p>\n<p>Danse <a title=\"voir\" href=\"http:\/\/www.irreel.org\/blog\/?s=danse+photographiee\">photographi\u00e9e<\/a>.<\/p>\n","protected":false},"excerpt":{"rendered":"<p>Elle danse dans la nuit, et son regard perce, quelle inqui\u00e9tude, quelle interrogation! Carla Strebel danse le Merle Bleu, Gen\u00e8ve 2007. Danse photographi\u00e9e.<\/p>\n","protected":false},"author":191,"featured_media":4136,"comment_status":"open","ping_status":"closed","sticky":false,"template":"","format":"standard","meta":{"sfsi_plus_gutenberg_text_before_share":"","sfsi_plus_gutenberg_show_text_before_share":"","sfsi_plus_gutenberg_icon_type":"","sfsi_plus_gutenberg_icon_alignemt":"","sfsi_plus_gutenburg_max_per_row":"","_EventAllDay":false,"_EventTimezone":"","_EventStartDate":"","_EventEndDate":"","_EventStartDateUTC":"","_EventEndDateUTC":"","_EventShowMap":false,"_EventShowMapLink":false,"_EventURL":"","_EventCost":"","_EventCostDescription":"","_EventCurrencySymbol":"","_EventCurrencyCode":"","_EventCurrencyPosition":"","_EventDateTimeSeparator":"","_EventTimeRangeSeparator":"","_EventOrganizerID":[],"_EventVenueID":[],"_OrganizerEmail":"","_OrganizerPhone":"","_OrganizerWebsite":"","_VenueAddress":"","_VenueCity":"","_VenueCountry":"","_VenueProvince":"","_VenueState":"","_VenueZip":"","_VenuePhone":"","_VenueURL":"","_VenueStateProvince":"","_VenueLat":"","_VenueLng":"","_VenueShowMap":false,"_VenueShowMapLink":false,"footnotes":""},"categories":[44],"tags":[525,45],"class_list":["post-68","post","type-post","status-publish","format-standard","has-post-thumbnail","hentry","category-danse","tag-danse","tag-regard"],"_links":{"self":[{"href":"https:\/\/www.irreel.ch\/blog\/wp-json\/wp\/v2\/posts\/68","targetHints":{"allow":["GET"]}}],"collection":[{"href":"https:\/\/www.irreel.ch\/blog\/wp-json\/wp\/v2\/posts"}],"about":[{"href":"https:\/\/www.irreel.ch\/blog\/wp-json\/wp\/v2\/types\/post"}],"author":[{"embeddable":true,"href":"https:\/\/www.irreel.ch\/blog\/wp-json\/wp\/v2\/users\/191"}],"replies":[{"embeddable":true,"href":"https:\/\/www.irreel.ch\/blog\/wp-json\/wp\/v2\/comments?post=68"}],"version-history":[{"count":8,"href":"https:\/\/www.irreel.ch\/blog\/wp-json\/wp\/v2\/posts\/68\/revisions"}],"predecessor-version":[{"id":4138,"href":"https:\/\/www.irreel.ch\/blog\/wp-json\/wp\/v2\/posts\/68\/revisions\/4138"}],"wp:featuredmedia":[{"embeddable":true,"href":"https:\/\/www.irreel.ch\/blog\/wp-json\/wp\/v2\/media\/4136"}],"wp:attachment":[{"href":"https:\/\/www.irreel.ch\/blog\/wp-json\/wp\/v2\/media?parent=68"}],"wp:term":[{"taxonomy":"category","embeddable":true,"href":"https:\/\/www.irreel.ch\/blog\/wp-json\/wp\/v2\/categories?post=68"},{"taxonomy":"post_tag","embeddable":true,"href":"https:\/\/www.irreel.ch\/blog\/wp-json\/wp\/v2\/tags?post=68"}],"curies":[{"name":"wp","href":"https:\/\/api.w.org\/{rel}","templated":true}]}}