{"id":6593,"date":"2020-04-21T19:03:05","date_gmt":"2020-04-21T17:03:05","guid":{"rendered":"https:\/\/www.irreel.ch\/blog\/?p=6593"},"modified":"2022-12-21T15:30:07","modified_gmt":"2022-12-21T14:30:07","slug":"carillon-s-maedeli-vom-siebetal-variations","status":"publish","type":"post","link":"https:\/\/www.irreel.ch\/blog\/carillon-s-maedeli-vom-siebetal-variations\/","title":{"rendered":"Carillon \/ &lsquo;s Maedeli vom Siebetal, variations"},"content":{"rendered":"\n<figure class=\"wp-block-image size-large\"><img loading=\"lazy\" decoding=\"async\" width=\"1024\" height=\"449\" src=\"https:\/\/www.irreel.ch\/blog\/wp-content\/uploads\/es-Maedeli-vom-Siebetal2-1024x449.jpg\" alt=\"\" class=\"wp-image-6594\" srcset=\"https:\/\/www.irreel.ch\/blog\/wp-content\/uploads\/es-Maedeli-vom-Siebetal2-1024x449.jpg 1024w, https:\/\/www.irreel.ch\/blog\/wp-content\/uploads\/es-Maedeli-vom-Siebetal2-300x132.jpg 300w, https:\/\/www.irreel.ch\/blog\/wp-content\/uploads\/es-Maedeli-vom-Siebetal2-150x66.jpg 150w, https:\/\/www.irreel.ch\/blog\/wp-content\/uploads\/es-Maedeli-vom-Siebetal2-768x337.jpg 768w, https:\/\/www.irreel.ch\/blog\/wp-content\/uploads\/es-Maedeli-vom-Siebetal2.jpg 1200w\" sizes=\"auto, (max-width: 1024px) 100vw, 1024px\" \/><\/figure>\n\n\n\n<p>Variations&nbsp;pour&nbsp;carillon&nbsp;sur&nbsp;la&nbsp;m\u00e9lodie populaire&nbsp;suisse&nbsp;\u00ab\u00a0&lsquo;s&nbsp;Maedeli&nbsp;vom Siebetal\u00a0\u00bb&nbsp;par&nbsp;Daniel&nbsp;D.&nbsp;R.&nbsp;Thomas.<\/p>\n\n\n\n<p>Das isch mer doch e tusigs Qual i mine alte Tage, was mi das Chind vom Siebetal, so gr\u00fcseli cha plage. Bi s\u00fcst so treu g&rsquo;sy wie &lsquo;ne Flueh; ha glaubt, ei Schatz das syg nit g&rsquo;nue; jetzt hanget&rsquo;s amme F\u00e4deli, so g&rsquo;fallt mer no das M\u00e4deli, das artig chrotte M\u00e4deli !<\/p>\n\n\n\n<iframe loading=\"lazy\" width=\"100%\" height=\"694\" src=\"https:\/\/musescore.com\/user\/2300906\/scores\/6100251\/embed\" frameborder=\"0\" allowfullscreen=\"\" allow=\"autoplay; fullscreen\"><\/iframe>\n<span><a href=\"https:\/\/musescore.com\/user\/2300906\/scores\/6100251\/s\/DvBu8Q\" target=\"_blank\" rel=\"noopener noreferrer\">Variations pour carillon sur la m\u00e9lodie populaire suisse &lsquo;s Maedeli vom Siebetal par Daniel D. R. Thomas<\/a> by <a href=\"https:\/\/musescore.com\/polymusicien\">polymusicien<\/a><\/span>\n\n\n\n<p>D&rsquo;apr\u00e8s&nbsp;une&nbsp;harmonisation&nbsp;de&nbsp;Gustave&nbsp;Doret.<\/p>\n","protected":false},"excerpt":{"rendered":"<p>Variations&nbsp;pour&nbsp;carillon&nbsp;sur&nbsp;la&nbsp;m\u00e9lodie populaire&nbsp;suisse&nbsp;\u00ab\u00a0&lsquo;s&nbsp;Maedeli&nbsp;vom Siebetal\u00a0\u00bb&nbsp;par&nbsp;Daniel&nbsp;D.&nbsp;R.&nbsp;Thomas. Das isch mer doch e tusigs Qual i mine alte Tage, was mi das Chind vom Siebetal, so gr\u00fcseli cha plage. Bi s\u00fcst so treu g&rsquo;sy wie &lsquo;ne Flueh; ha glaubt,&#46;&#46;&#46;<\/p>\n","protected":false},"author":191,"featured_media":6594,"comment_status":"open","ping_status":"closed","sticky":false,"template":"","format":"standard","meta":{"sfsi_plus_gutenberg_text_before_share":"","sfsi_plus_gutenberg_show_text_before_share":"","sfsi_plus_gutenberg_icon_type":"","sfsi_plus_gutenberg_icon_alignemt":"","sfsi_plus_gutenburg_max_per_row":"","_EventAllDay":false,"_EventTimezone":"","_EventStartDate":"","_EventEndDate":"","_EventStartDateUTC":"","_EventEndDateUTC":"","_EventShowMap":false,"_EventShowMapLink":false,"_EventURL":"","_EventCost":"","_EventCostDescription":"","_EventCurrencySymbol":"","_EventCurrencyCode":"","_EventCurrencyPosition":"","_EventDateTimeSeparator":"","_EventTimeRangeSeparator":"","_EventOrganizerID":[],"_EventVenueID":[],"_OrganizerEmail":"","_OrganizerPhone":"","_OrganizerWebsite":"","_VenueAddress":"","_VenueCity":"","_VenueCountry":"","_VenueProvince":"","_VenueState":"","_VenueZip":"","_VenuePhone":"","_VenueURL":"","_VenueStateProvince":"","_VenueLat":"","_VenueLng":"","_VenueShowMap":false,"_VenueShowMapLink":false,"footnotes":""},"categories":[116,658,143],"tags":[673,690,174],"class_list":["post-6593","post","type-post","status-publish","format-standard","has-post-thumbnail","hentry","category-allemand","category-arrangements-variations","category-carillon","tag-chanson","tag-suisse-allemand","tag-variations"],"_links":{"self":[{"href":"https:\/\/www.irreel.ch\/blog\/wp-json\/wp\/v2\/posts\/6593","targetHints":{"allow":["GET"]}}],"collection":[{"href":"https:\/\/www.irreel.ch\/blog\/wp-json\/wp\/v2\/posts"}],"about":[{"href":"https:\/\/www.irreel.ch\/blog\/wp-json\/wp\/v2\/types\/post"}],"author":[{"embeddable":true,"href":"https:\/\/www.irreel.ch\/blog\/wp-json\/wp\/v2\/users\/191"}],"replies":[{"embeddable":true,"href":"https:\/\/www.irreel.ch\/blog\/wp-json\/wp\/v2\/comments?post=6593"}],"version-history":[{"count":3,"href":"https:\/\/www.irreel.ch\/blog\/wp-json\/wp\/v2\/posts\/6593\/revisions"}],"predecessor-version":[{"id":6597,"href":"https:\/\/www.irreel.ch\/blog\/wp-json\/wp\/v2\/posts\/6593\/revisions\/6597"}],"wp:featuredmedia":[{"embeddable":true,"href":"https:\/\/www.irreel.ch\/blog\/wp-json\/wp\/v2\/media\/6594"}],"wp:attachment":[{"href":"https:\/\/www.irreel.ch\/blog\/wp-json\/wp\/v2\/media?parent=6593"}],"wp:term":[{"taxonomy":"category","embeddable":true,"href":"https:\/\/www.irreel.ch\/blog\/wp-json\/wp\/v2\/categories?post=6593"},{"taxonomy":"post_tag","embeddable":true,"href":"https:\/\/www.irreel.ch\/blog\/wp-json\/wp\/v2\/tags?post=6593"}],"curies":[{"name":"wp","href":"https:\/\/api.w.org\/{rel}","templated":true}]}}