{"id":659,"date":"2009-12-11T17:51:01","date_gmt":"2009-12-11T15:51:01","guid":{"rendered":"http:\/\/www.irreel.org\/blog\/?p=659"},"modified":"2019-03-03T18:47:01","modified_gmt":"2019-03-03T16:47:01","slug":"fruit-de-la-physalis","status":"publish","type":"post","link":"https:\/\/www.irreel.ch\/blog\/fruit-de-la-physalis\/","title":{"rendered":"Physalis ou baie des Andes"},"content":{"rendered":"\n<figure class=\"wp-block-image\"><a href=\"http:\/\/www.irreel.ch\/blog\/wp-content\/uploads\/physalis-1.jpg\"><img loading=\"lazy\" decoding=\"async\" width=\"1000\" height=\"750\" src=\"http:\/\/www.irreel.ch\/blog\/wp-content\/uploads\/physalis-1.jpg\" alt=\"\" class=\"wp-image-4792\" srcset=\"https:\/\/www.irreel.ch\/blog\/wp-content\/uploads\/physalis-1.jpg 1000w, https:\/\/www.irreel.ch\/blog\/wp-content\/uploads\/physalis-1-150x113.jpg 150w, https:\/\/www.irreel.ch\/blog\/wp-content\/uploads\/physalis-1-300x225.jpg 300w, https:\/\/www.irreel.ch\/blog\/wp-content\/uploads\/physalis-1-768x576.jpg 768w\" sizes=\"auto, (max-width: 1000px) 100vw, 1000px\" \/><\/a><figcaption>petit fruit parfum\u00e9<\/figcaption><\/figure>\n\n\n<p>Fruit de la physalis<sup class='footnote'><a href='#fn-659-1' id='fnref-659-1' onclick='return fdfootnote_show(659)'>1<\/a><\/sup><\/p>\n<p>Fruit \u00a0juteux, acidul\u00e9, parfum\u00e9 \u00e0 souhait,\u00a0Fruit tr\u00e8s parfum\u00e9 et tr\u00e8s d\u00e9coratif, plein de fra\u00eecheur, rafraichissant. Joie des r\u00e9coltes en de nombreuses saisons. Plaisir de d\u00e9corer des mets, des desserts.<\/p>\n<p>Fruits d&rsquo;octobre: 24 octobre 2007 15h06<\/p>\n\n\n<div id=\"fb-root\">&nbsp;<\/div>\n<p><script>(function(d, s, id) { var js, fjs = d.getElementsByTagName(s)[0]; if (d.getElementById(id)) return; js = d.createElement(s); js.id = id; js.src = \"\/\/connect.facebook.net\/fr_FR\/all.js#xfbml=1\"; fjs.parentNode.insertBefore(js, fjs); }(document, 'script', 'facebook-jssdk'));<\/script><\/p>\n<div class=\"fb-post\" data-href=\"https:\/\/www.facebook.com\/photo.php?fbid=483170825117254&amp;set=a.141237122643961.21383.141234042644269&amp;type=1\" data-width=\"600\">\n<div class=\"fb-xfbml-parse-ignore\"><a href=\"https:\/\/www.facebook.com\/photo.php?fbid=483170825117254&amp;set=a.141237122643961.21383.141234042644269&amp;type=1\">Message sur le mur<\/a> by <a href=\"https:\/\/www.facebook.com\/pages\/Daniel-Thomas-artiste-musicien\/141234042644269\">Daniel Thomas, artiste musicien<\/a>.<\/div>\n<\/div>\n\n\n\n<div class=\"fb-comments\" data-href=\"http:\/\/www.irreel.ch\/blog\/2009\/12\/11\/fruit-de-la-physalis\/\" data-width=\"600\" data-numposts=\"10\" data-colorscheme=\"light\">\u00a0<\/div>\n\n\n<div class='footnotes' id='footnotes-659'><div class='footnotedivider'><\/div><ol><li id='fn-659-1'> Baie des Andes ou coqueret du P\u00e9rou, Physalis edulis. <span class='footnotereverse'><a href='#fnref-659-1'>&#8617;<\/a><\/span><\/li><\/ol><\/div>","protected":false},"excerpt":{"rendered":"<p>Fruit de la physalis1 Fruit \u00a0juteux, acidul\u00e9, parfum\u00e9 \u00e0 souhait,\u00a0Fruit tr\u00e8s parfum\u00e9 et tr\u00e8s d\u00e9coratif, plein de fra\u00eecheur, rafraichissant. Joie des r\u00e9coltes en de nombreuses saisons. Plaisir de d\u00e9corer des mets, des desserts. Fruits&#46;&#46;&#46;<\/p>\n","protected":false},"author":5,"featured_media":3815,"comment_status":"open","ping_status":"closed","sticky":false,"template":"","format":"standard","meta":{"sfsi_plus_gutenberg_text_before_share":"","sfsi_plus_gutenberg_show_text_before_share":"","sfsi_plus_gutenberg_icon_type":"","sfsi_plus_gutenberg_icon_alignemt":"","sfsi_plus_gutenburg_max_per_row":"","_EventAllDay":false,"_EventTimezone":"","_EventStartDate":"","_EventEndDate":"","_EventStartDateUTC":"","_EventEndDateUTC":"","_EventShowMap":false,"_EventShowMapLink":false,"_EventURL":"","_EventCost":"","_EventCostDescription":"","_EventCurrencySymbol":"","_EventCurrencyCode":"","_EventCurrencyPosition":"","_EventDateTimeSeparator":"","_EventTimeRangeSeparator":"","_EventOrganizerID":[],"_EventVenueID":[],"_OrganizerEmail":"","_OrganizerPhone":"","_OrganizerWebsite":"","_VenueAddress":"","_VenueCity":"","_VenueCountry":"","_VenueProvince":"","_VenueState":"","_VenueZip":"","_VenuePhone":"","_VenueURL":"","_VenueStateProvince":"","_VenueLat":"","_VenueLng":"","_VenueShowMap":false,"_VenueShowMapLink":false,"footnotes":""},"categories":[37],"tags":[96,97,481,462,155,461,92],"class_list":["post-659","post","type-post","status-publish","format-standard","has-post-thumbnail","hentry","category-fruit-jardin","tag-baie-des-andes","tag-coqueret-du-perou","tag-fruit-a-croquer","tag-fruit-davril","tag-fruit-doctobre","tag-fruit-de-mai","tag-physalis"],"_links":{"self":[{"href":"https:\/\/www.irreel.ch\/blog\/wp-json\/wp\/v2\/posts\/659","targetHints":{"allow":["GET"]}}],"collection":[{"href":"https:\/\/www.irreel.ch\/blog\/wp-json\/wp\/v2\/posts"}],"about":[{"href":"https:\/\/www.irreel.ch\/blog\/wp-json\/wp\/v2\/types\/post"}],"author":[{"embeddable":true,"href":"https:\/\/www.irreel.ch\/blog\/wp-json\/wp\/v2\/users\/5"}],"replies":[{"embeddable":true,"href":"https:\/\/www.irreel.ch\/blog\/wp-json\/wp\/v2\/comments?post=659"}],"version-history":[{"count":15,"href":"https:\/\/www.irreel.ch\/blog\/wp-json\/wp\/v2\/posts\/659\/revisions"}],"predecessor-version":[{"id":4794,"href":"https:\/\/www.irreel.ch\/blog\/wp-json\/wp\/v2\/posts\/659\/revisions\/4794"}],"wp:featuredmedia":[{"embeddable":true,"href":"https:\/\/www.irreel.ch\/blog\/wp-json\/wp\/v2\/media\/3815"}],"wp:attachment":[{"href":"https:\/\/www.irreel.ch\/blog\/wp-json\/wp\/v2\/media?parent=659"}],"wp:term":[{"taxonomy":"category","embeddable":true,"href":"https:\/\/www.irreel.ch\/blog\/wp-json\/wp\/v2\/categories?post=659"},{"taxonomy":"post_tag","embeddable":true,"href":"https:\/\/www.irreel.ch\/blog\/wp-json\/wp\/v2\/tags?post=659"}],"curies":[{"name":"wp","href":"https:\/\/api.w.org\/{rel}","templated":true}]}}