{"id":6371,"date":"2020-04-10T08:26:05","date_gmt":"2020-04-10T06:26:05","guid":{"rendered":"http:\/\/www.irreel.ch\/blog\/?p=6371"},"modified":"2020-04-14T13:16:37","modified_gmt":"2020-04-14T11:16:37","slug":"carillon-evening-rise-variations","status":"publish","type":"post","link":"https:\/\/www.irreel.ch\/blog\/carillon-evening-rise-variations\/","title":{"rendered":"Carillon \/ Evening rise, variations"},"content":{"rendered":"\n<figure class=\"wp-block-image size-large\"><img loading=\"lazy\" decoding=\"async\" width=\"1024\" height=\"420\" src=\"https:\/\/www.irreel.ch\/blog\/wp-content\/uploads\/evening-rise-canon2-1024x420.jpg\" alt=\"\" class=\"wp-image-6372\" srcset=\"https:\/\/www.irreel.ch\/blog\/wp-content\/uploads\/evening-rise-canon2-1024x420.jpg 1024w, https:\/\/www.irreel.ch\/blog\/wp-content\/uploads\/evening-rise-canon2-300x123.jpg 300w, https:\/\/www.irreel.ch\/blog\/wp-content\/uploads\/evening-rise-canon2-150x62.jpg 150w, https:\/\/www.irreel.ch\/blog\/wp-content\/uploads\/evening-rise-canon2-768x315.jpg 768w, https:\/\/www.irreel.ch\/blog\/wp-content\/uploads\/evening-rise-canon2.jpg 1200w\" sizes=\"auto, (max-width: 1024px) 100vw, 1024px\" \/><figcaption>Canon plein d&rsquo;\u00e9motion<\/figcaption><\/figure>\n\n\n\n<p><em>Evening rise, m\u00e9lodie populaire indienne en canon<\/em> vari\u00e9, arrang\u00e9 par Daniel D. R. Thomas pour carillon de 4 octaves.<\/p>\n\n\n\n<p>Canon riche en \u00e9motion, m\u00e9lodie porteuse de message profond, avec une partie improvis\u00e9e en envol.<\/p>\n\n\n\n<p>Evening rise spirit rise<br>Sun goes down when the day is done<br>Mother earth awaken me<br>With the heartbeat of the sea<\/p>\n\n\n\n<p>Le soir s\u2019approche, l\u2019esprit descend,<br>Le soleil se couche alors que le jour s\u2019ach\u00e8ve<br>D\u00e9esse de la terre, r\u00e9veille moi,<br>Avec les battements du c\u0153ur de la mer.<\/p>\n\n\n\n<iframe loading=\"lazy\" width=\"100%\" height=\"794\" src=\"https:\/\/musescore.com\/user\/2300906\/scores\/6073853\/embed\" frameborder=\"0\" allowfullscreen=\"\" allow=\"autoplay; fullscreen\"><\/iframe>\n<span><a href=\"https:\/\/musescore.com\/user\/2300906\/scores\/6073853\/s\/u3ym2y\" target=\"_blank\" rel=\"noopener noreferrer\">Evening rise, m\u00e9lodie populaire indienne en canon, aar. Daniel D. R. Thomas<\/a> by <a href=\"https:\/\/musescore.com\/polymusicien\">polymusicien<\/a><\/span>\n","protected":false},"excerpt":{"rendered":"<p>Evening rise, m\u00e9lodie populaire indienne en canon vari\u00e9, arrang\u00e9 par Daniel D. R. Thomas pour carillon de 4 octaves. Canon riche en \u00e9motion, m\u00e9lodie porteuse de message profond, avec une partie improvis\u00e9e en envol.&#46;&#46;&#46;<\/p>\n","protected":false},"author":191,"featured_media":6372,"comment_status":"closed","ping_status":"closed","sticky":false,"template":"","format":"standard","meta":{"sfsi_plus_gutenberg_text_before_share":"","sfsi_plus_gutenberg_show_text_before_share":"","sfsi_plus_gutenberg_icon_type":"","sfsi_plus_gutenberg_icon_alignemt":"","sfsi_plus_gutenburg_max_per_row":"","_EventAllDay":false,"_EventTimezone":"","_EventStartDate":"","_EventEndDate":"","_EventStartDateUTC":"","_EventEndDateUTC":"","_EventShowMap":false,"_EventShowMapLink":false,"_EventURL":"","_EventCost":"","_EventCostDescription":"","_EventCurrencySymbol":"","_EventCurrencyCode":"","_EventCurrencyPosition":"","_EventDateTimeSeparator":"","_EventTimeRangeSeparator":"","_EventOrganizerID":[],"_EventVenueID":[],"_OrganizerEmail":"","_OrganizerPhone":"","_OrganizerWebsite":"","_VenueAddress":"","_VenueCity":"","_VenueCountry":"","_VenueProvince":"","_VenueState":"","_VenueZip":"","_VenuePhone":"","_VenueURL":"","_VenueStateProvince":"","_VenueLat":"","_VenueLng":"","_VenueShowMap":false,"_VenueShowMapLink":false,"footnotes":""},"categories":[658,143],"tags":[662,663],"class_list":["post-6371","post","type-post","status-publish","format-standard","has-post-thumbnail","hentry","category-arrangements-variations","category-carillon","tag-canon","tag-inde"],"_links":{"self":[{"href":"https:\/\/www.irreel.ch\/blog\/wp-json\/wp\/v2\/posts\/6371","targetHints":{"allow":["GET"]}}],"collection":[{"href":"https:\/\/www.irreel.ch\/blog\/wp-json\/wp\/v2\/posts"}],"about":[{"href":"https:\/\/www.irreel.ch\/blog\/wp-json\/wp\/v2\/types\/post"}],"author":[{"embeddable":true,"href":"https:\/\/www.irreel.ch\/blog\/wp-json\/wp\/v2\/users\/191"}],"replies":[{"embeddable":true,"href":"https:\/\/www.irreel.ch\/blog\/wp-json\/wp\/v2\/comments?post=6371"}],"version-history":[{"count":3,"href":"https:\/\/www.irreel.ch\/blog\/wp-json\/wp\/v2\/posts\/6371\/revisions"}],"predecessor-version":[{"id":6563,"href":"https:\/\/www.irreel.ch\/blog\/wp-json\/wp\/v2\/posts\/6371\/revisions\/6563"}],"wp:featuredmedia":[{"embeddable":true,"href":"https:\/\/www.irreel.ch\/blog\/wp-json\/wp\/v2\/media\/6372"}],"wp:attachment":[{"href":"https:\/\/www.irreel.ch\/blog\/wp-json\/wp\/v2\/media?parent=6371"}],"wp:term":[{"taxonomy":"category","embeddable":true,"href":"https:\/\/www.irreel.ch\/blog\/wp-json\/wp\/v2\/categories?post=6371"},{"taxonomy":"post_tag","embeddable":true,"href":"https:\/\/www.irreel.ch\/blog\/wp-json\/wp\/v2\/tags?post=6371"}],"curies":[{"name":"wp","href":"https:\/\/api.w.org\/{rel}","templated":true}]}}