{"id":6359,"date":"2020-04-08T11:17:22","date_gmt":"2020-04-08T09:17:22","guid":{"rendered":"http:\/\/www.irreel.ch\/blog\/?p=6359"},"modified":"2020-04-10T21:12:15","modified_gmt":"2020-04-10T19:12:15","slug":"carillon-gbe-bo-wah-variations","status":"publish","type":"post","link":"https:\/\/www.irreel.ch\/blog\/carillon-gbe-bo-wah-variations\/","title":{"rendered":"Carillon \/ Gbe bo wah, variations"},"content":{"rendered":"\n<figure class=\"wp-block-image size-full\"><a href=\"http:\/\/www.irreel.ch\/blog\/wp-content\/uploads\/gbe-bo-wah2.jpg\"><img loading=\"lazy\" decoding=\"async\" width=\"1200\" height=\"632\" src=\"http:\/\/www.irreel.ch\/blog\/wp-content\/uploads\/gbe-bo-wah2.jpg\" alt=\"\" class=\"wp-image-6374\" srcset=\"https:\/\/www.irreel.ch\/blog\/wp-content\/uploads\/gbe-bo-wah2.jpg 1200w, https:\/\/www.irreel.ch\/blog\/wp-content\/uploads\/gbe-bo-wah2-300x158.jpg 300w, https:\/\/www.irreel.ch\/blog\/wp-content\/uploads\/gbe-bo-wah2-1024x539.jpg 1024w, https:\/\/www.irreel.ch\/blog\/wp-content\/uploads\/gbe-bo-wah2-150x79.jpg 150w, https:\/\/www.irreel.ch\/blog\/wp-content\/uploads\/gbe-bo-wah2-768x404.jpg 768w\" sizes=\"auto, (max-width: 1200px) 100vw, 1200px\" \/><\/a><\/figure>\n\n\n\n<p>Gbe bo wah, Hymne du B\u00e9nin pour carillon, arr. Daniel D. R. Thomas.<\/p>\n\n\n\n<p>Gbe\u00a0bo\u00a0wa\u00a0o\u00a0lo\u00a0dou\u00a0ma\u00a0r\u00e9\u00a0gb\u00e0\u00a0bo\u00a0wa\u00a0ba\u00a0ba\u00a0i\u00a0\u00e9\u00a0gb\u00e9\u00a0bo\u00a0wa (Yoruba)\u00a0Il\u00a0viendra\u00a0\u00e0\u00a0notre\u00a0secours\u00a0et\u00a0nous\u00a0sauvera.\u00a0 \u00a0<\/p>\n\n\n\n<p>\u00a9\u00a02017\u00a0Daniel\u00a0D.\u00a0R.\u00a0Thomas www.carillons.ch\u00a0arrangement,\u00a0Dominique\u00a0Tille,\u00a0transcription.<\/p>\n\n\n\n<p>Un arrangement rythm\u00e9 et joyeux pour carillon, un hymne du B\u00e9nin !<\/p>\n\n\n\n<p>Bien \u00e0 jouer aux claviers et propice \u00e0 l&rsquo;improvisation ! A vos doigts!<\/p>\n\n\n\n<iframe loading=\"lazy\" width=\"100%\" height=\"694\" src=\"https:\/\/musescore.com\/user\/2300906\/scores\/6069642\/embed\" frameborder=\"0\" allowfullscreen=\"\" allow=\"autoplay; fullscreen\"><\/iframe>\n<span><a href=\"https:\/\/musescore.com\/user\/2300906\/scores\/6069642\/s\/v_Qz0B\" target=\"_blank\" rel=\"noopener noreferrer\">Gbe bo wah, Hymne du B\u00e9nin pour carillon, arr. Daniel D. R. Thomas<\/a> by <a href=\"https:\/\/musescore.com\/polymusicien\">polymusicien<\/a><\/span>\n","protected":false},"excerpt":{"rendered":"<p>Gbe bo wah, Hymne du B\u00e9nin pour carillon, arr. Daniel D. R. Thomas. Gbe\u00a0bo\u00a0wa\u00a0o\u00a0lo\u00a0dou\u00a0ma\u00a0r\u00e9\u00a0gb\u00e0\u00a0bo\u00a0wa\u00a0ba\u00a0ba\u00a0i\u00a0\u00e9\u00a0gb\u00e9\u00a0bo\u00a0wa (Yoruba)\u00a0Il\u00a0viendra\u00a0\u00e0\u00a0notre\u00a0secours\u00a0et\u00a0nous\u00a0sauvera.\u00a0 \u00a0 \u00a9\u00a02017\u00a0Daniel\u00a0D.\u00a0R.\u00a0Thomas www.carillons.ch\u00a0arrangement,\u00a0Dominique\u00a0Tille,\u00a0transcription. Un arrangement rythm\u00e9 et joyeux pour carillon, un hymne du B\u00e9nin ! Bien \u00e0 jouer aux&#46;&#46;&#46;<\/p>\n","protected":false},"author":191,"featured_media":6374,"comment_status":"closed","ping_status":"closed","sticky":false,"template":"","format":"standard","meta":{"sfsi_plus_gutenberg_text_before_share":"","sfsi_plus_gutenberg_show_text_before_share":"","sfsi_plus_gutenberg_icon_type":"","sfsi_plus_gutenberg_icon_alignemt":"","sfsi_plus_gutenburg_max_per_row":"","_EventAllDay":false,"_EventTimezone":"","_EventStartDate":"","_EventEndDate":"","_EventStartDateUTC":"","_EventEndDateUTC":"","_EventShowMap":false,"_EventShowMapLink":false,"_EventURL":"","_EventCost":"","_EventCostDescription":"","_EventCurrencySymbol":"","_EventCurrencyCode":"","_EventCurrencyPosition":"","_EventDateTimeSeparator":"","_EventTimeRangeSeparator":"","_EventOrganizerID":[],"_EventVenueID":[],"_OrganizerEmail":"","_OrganizerPhone":"","_OrganizerWebsite":"","_VenueAddress":"","_VenueCity":"","_VenueCountry":"","_VenueProvince":"","_VenueState":"","_VenueZip":"","_VenuePhone":"","_VenueURL":"","_VenueStateProvince":"","_VenueLat":"","_VenueLng":"","_VenueShowMap":false,"_VenueShowMapLink":false,"footnotes":""},"categories":[658,143],"tags":[659,174],"class_list":["post-6359","post","type-post","status-publish","format-standard","has-post-thumbnail","hentry","category-arrangements-variations","category-carillon","tag-afrique","tag-variations"],"_links":{"self":[{"href":"https:\/\/www.irreel.ch\/blog\/wp-json\/wp\/v2\/posts\/6359","targetHints":{"allow":["GET"]}}],"collection":[{"href":"https:\/\/www.irreel.ch\/blog\/wp-json\/wp\/v2\/posts"}],"about":[{"href":"https:\/\/www.irreel.ch\/blog\/wp-json\/wp\/v2\/types\/post"}],"author":[{"embeddable":true,"href":"https:\/\/www.irreel.ch\/blog\/wp-json\/wp\/v2\/users\/191"}],"replies":[{"embeddable":true,"href":"https:\/\/www.irreel.ch\/blog\/wp-json\/wp\/v2\/comments?post=6359"}],"version-history":[{"count":6,"href":"https:\/\/www.irreel.ch\/blog\/wp-json\/wp\/v2\/posts\/6359\/revisions"}],"predecessor-version":[{"id":6377,"href":"https:\/\/www.irreel.ch\/blog\/wp-json\/wp\/v2\/posts\/6359\/revisions\/6377"}],"wp:featuredmedia":[{"embeddable":true,"href":"https:\/\/www.irreel.ch\/blog\/wp-json\/wp\/v2\/media\/6374"}],"wp:attachment":[{"href":"https:\/\/www.irreel.ch\/blog\/wp-json\/wp\/v2\/media?parent=6359"}],"wp:term":[{"taxonomy":"category","embeddable":true,"href":"https:\/\/www.irreel.ch\/blog\/wp-json\/wp\/v2\/categories?post=6359"},{"taxonomy":"post_tag","embeddable":true,"href":"https:\/\/www.irreel.ch\/blog\/wp-json\/wp\/v2\/tags?post=6359"}],"curies":[{"name":"wp","href":"https:\/\/api.w.org\/{rel}","templated":true}]}}