{"id":60,"date":"2008-06-22T19:24:53","date_gmt":"2008-06-22T17:24:53","guid":{"rendered":"http:\/\/www.irreel.ch\/blog\/?p=60"},"modified":"2017-01-08T07:18:10","modified_gmt":"2017-01-08T05:18:10","slug":"gastronomie-arbustive","status":"publish","type":"post","link":"https:\/\/www.irreel.ch\/blog\/gastronomie-arbustive\/","title":{"rendered":"Gastronomie arbustive"},"content":{"rendered":"<p><a title=\"jujubes\" href=\"http:\/\/www.irreel.ch\/fruits\/images-fruits-croques\/jujube-lang.jpg\"><img decoding=\"async\" class=\"alignleft\" style=\"float: left;\" src=\"http:\/\/www.irreel.ch\/fruits\/images-fruits-croques\/jujube-lang.jpg\" alt=\"fruits du jujubier, pr\u00eats \u00e0 croquer\" width=\"585\" \/><\/a>La vraie gastronomie, l&rsquo;authentique gastronomie se d\u00e9guste dans les arbres, le fruit bien m\u00fbr, juste cueilli, croqu\u00e9, senti, savour\u00e9 \u00e0 m\u00eame la branche, en saveurs et senteurs (sur l&rsquo;image, une jujube<sup class='footnote'><a href='#fn-60-1' id='fnref-60-1' onclick='return fdfootnote_show(60)'>1<\/a><\/sup>). D\u00e9guster les pieds nus dans l&rsquo;herbe fra\u00eeche, sentir la brise, le passage des chauve-souris sur nos t\u00eates, tr\u00e8s t\u00f4t le matin, ou le jour, les hirondelles.<\/p>\n<p>La vraie gastronomie, d\u00e9guster un fruit sur l&rsquo;arbre, en appr\u00e9cier toute la saveur encore chaude de soleil, frais, vibrant, rayonnant. Sentir l&rsquo;air sur la peau, d\u00e9guster en unit\u00e9 avec le monde, et perception ouverte avec tout ce qui nous entoure, \u00e0 l&rsquo;\u00e9coute des chants d&rsquo;oiseaux et des bruissements des insectes. La joie de chaque fruit, dans son caract\u00e8re unique, individuel, au go\u00fbt \u00e0 nul autre pareil, avec toutes les variantes de go\u00fbt, dans la m\u00eame esp\u00e8ce, la m\u00eame vari\u00e9t\u00e9 et le m\u00eame arbre<sup class='footnote'><a href='#fn-60-2' id='fnref-60-2' onclick='return fdfootnote_show(60)'>2<\/a><\/sup>.<\/p>\n<p>Richesse des saveurs, gastronomie de la d\u00e9gustation fruiti\u00e8re, pr\u00e9par\u00e9e par le jardinier et par m\u00e8re nature: fruits \u00e0 point sur l&rsquo;arbre. Savourer ces instants de pl\u00e9nitude dans son jardin, la vraie joie des saveurs et des senteurs.<\/p>\n<p>Les fruits \u00e0 croquer dans son jardin au fil des jours et des saisons, voir la page:\u00a0<a title=\"chairs et peaux de fruits \u00e0 croquer au fil des saisons\" href=\"http:\/\/www.irreel.ch\/fruits\/chairs-de-fruits-saisons.html\">chairs<\/a> et peaux de fruits.<\/p>\n<div class=\"fb-comments\" data-href=\"http:\/\/www.irreel.ch\/blog\/2008\/06\/22\/gastronomie-arbustive\/\" data-width=\"600\" data-numposts=\"5\"><\/div>\n<div class='footnotes' id='footnotes-60'>\n<div class='footnotedivider'><\/div>\n<ol>\n<li id='fn-60-1'> Jujube de vari\u00e9t\u00e9 Lang \u00e0 gros fruits, tr\u00e8s sucr\u00e9, ici encore croquant, Zyziphus jujuba, fruit cultiv\u00e9 en petite serre. <span class='footnotereverse'><a href='#fnref-60-1'>&#8617;<\/a><\/span><\/li>\n<li id='fn-60-2'> Cueilli bien m\u00fbr sur l&rsquo;arbre, aucun fruit n&rsquo;est pareil, chacun a son individualit\u00e9, ses saveurs uniques. <span class='footnotereverse'><a href='#fnref-60-2'>&#8617;<\/a><\/span><\/li>\n<\/ol>\n<\/div>\n","protected":false},"excerpt":{"rendered":"<p>La vraie gastronomie, l&rsquo;authentique gastronomie se d\u00e9guste dans les arbres, le fruit bien m\u00fbr, juste cueilli, croqu\u00e9, senti, savour\u00e9 \u00e0 m\u00eame la branche, en saveurs et senteurs (sur l&rsquo;image, une jujube1). D\u00e9guster les pieds&#46;&#46;&#46;<\/p>\n","protected":false},"author":191,"featured_media":3923,"comment_status":"open","ping_status":"closed","sticky":false,"template":"","format":"standard","meta":{"sfsi_plus_gutenberg_text_before_share":"","sfsi_plus_gutenberg_show_text_before_share":"","sfsi_plus_gutenberg_icon_type":"","sfsi_plus_gutenberg_icon_alignemt":"","sfsi_plus_gutenburg_max_per_row":"","_EventAllDay":false,"_EventTimezone":"","_EventStartDate":"","_EventEndDate":"","_EventStartDateUTC":"","_EventEndDateUTC":"","_EventShowMap":false,"_EventShowMapLink":false,"_EventURL":"","_EventCost":"","_EventCostDescription":"","_EventCurrencySymbol":"","_EventCurrencyCode":"","_EventCurrencyPosition":"","_EventDateTimeSeparator":"","_EventTimeRangeSeparator":"","_EventOrganizerID":[],"_EventVenueID":[],"_OrganizerEmail":"","_OrganizerPhone":"","_OrganizerWebsite":"","_VenueAddress":"","_VenueCity":"","_VenueCountry":"","_VenueProvince":"","_VenueState":"","_VenueZip":"","_VenuePhone":"","_VenueURL":"","_VenueStateProvince":"","_VenueLat":"","_VenueLng":"","_VenueShowMap":false,"_VenueShowMapLink":false,"footnotes":""},"categories":[37],"tags":[94,80,41,42],"class_list":["post-60","post","type-post","status-publish","format-standard","has-post-thumbnail","hentry","category-fruit-jardin","tag-fruit","tag-jujube","tag-saveurs","tag-senteurs"],"_links":{"self":[{"href":"https:\/\/www.irreel.ch\/blog\/wp-json\/wp\/v2\/posts\/60","targetHints":{"allow":["GET"]}}],"collection":[{"href":"https:\/\/www.irreel.ch\/blog\/wp-json\/wp\/v2\/posts"}],"about":[{"href":"https:\/\/www.irreel.ch\/blog\/wp-json\/wp\/v2\/types\/post"}],"author":[{"embeddable":true,"href":"https:\/\/www.irreel.ch\/blog\/wp-json\/wp\/v2\/users\/191"}],"replies":[{"embeddable":true,"href":"https:\/\/www.irreel.ch\/blog\/wp-json\/wp\/v2\/comments?post=60"}],"version-history":[{"count":5,"href":"https:\/\/www.irreel.ch\/blog\/wp-json\/wp\/v2\/posts\/60\/revisions"}],"predecessor-version":[{"id":3924,"href":"https:\/\/www.irreel.ch\/blog\/wp-json\/wp\/v2\/posts\/60\/revisions\/3924"}],"wp:featuredmedia":[{"embeddable":true,"href":"https:\/\/www.irreel.ch\/blog\/wp-json\/wp\/v2\/media\/3923"}],"wp:attachment":[{"href":"https:\/\/www.irreel.ch\/blog\/wp-json\/wp\/v2\/media?parent=60"}],"wp:term":[{"taxonomy":"category","embeddable":true,"href":"https:\/\/www.irreel.ch\/blog\/wp-json\/wp\/v2\/categories?post=60"},{"taxonomy":"post_tag","embeddable":true,"href":"https:\/\/www.irreel.ch\/blog\/wp-json\/wp\/v2\/tags?post=60"}],"curies":[{"name":"wp","href":"https:\/\/api.w.org\/{rel}","templated":true}]}}