{"id":5938,"date":"2019-03-16T15:05:26","date_gmt":"2019-03-16T13:05:26","guid":{"rendered":"http:\/\/www.irreel.ch\/blog\/?p=5938"},"modified":"2022-12-22T07:28:55","modified_gmt":"2022-12-22T06:28:55","slug":"orange-amere-bouquet-de-nice","status":"publish","type":"post","link":"https:\/\/www.irreel.ch\/blog\/orange-amere-bouquet-de-nice\/","title":{"rendered":"Orange am\u00e8re, Bouquet de Nice"},"content":{"rendered":"\n<figure class=\"wp-block-image\"><img loading=\"lazy\" decoding=\"async\" width=\"1024\" height=\"768\" src=\"http:\/\/www.irreel.ch\/blog\/wp-content\/uploads\/orange-de-Nice_Fotor-1024x768.jpg\" alt=\"\" class=\"wp-image-5939\" srcset=\"https:\/\/www.irreel.ch\/blog\/wp-content\/uploads\/orange-de-Nice_Fotor-1024x768.jpg 1024w, https:\/\/www.irreel.ch\/blog\/wp-content\/uploads\/orange-de-Nice_Fotor-150x113.jpg 150w, https:\/\/www.irreel.ch\/blog\/wp-content\/uploads\/orange-de-Nice_Fotor-300x225.jpg 300w, https:\/\/www.irreel.ch\/blog\/wp-content\/uploads\/orange-de-Nice_Fotor-768x576.jpg 768w, https:\/\/www.irreel.ch\/blog\/wp-content\/uploads\/orange-de-Nice_Fotor.jpg 1200w\" sizes=\"auto, (max-width: 1024px) 100vw, 1024px\" \/><figcaption class=\"wp-element-caption\">Fruit de l&rsquo;oranger Bouquet de Nice<\/figcaption><\/figure>\n\n\n\n<p>Orange am\u00e8re,    Bouquet de Nice, bigaradier,  citrus aurantium. Fruit cultiv\u00e9 en pot, hivern\u00e9 dans l&rsquo;orangerie. <\/p>\n\n\n\n<p>Fruit cueilli le samedi 16 mars 2019 \u00e0 14 h 02. Saveur douce et sucr\u00e9e, l\u00e9g\u00e8rement am\u00e8re. D\u00e9licatesse printani\u00e8re \u00e0 d\u00e9guster. Plantes aux fleurs tr\u00e8s parfum\u00e9es.<\/p>\n","protected":false},"excerpt":{"rendered":"<p>Orange am\u00e8re, Bouquet de Nice, bigaradier, citrus aurantium. Fruit cultiv\u00e9 en pot, hivern\u00e9 dans l&rsquo;orangerie. Fruit cueilli le samedi 16 mars 2019 \u00e0 14 h 02. Saveur douce et sucr\u00e9e, l\u00e9g\u00e8rement am\u00e8re. D\u00e9licatesse printani\u00e8re&#46;&#46;&#46;<\/p>\n","protected":false},"author":191,"featured_media":5939,"comment_status":"open","ping_status":"closed","sticky":false,"template":"","format":"standard","meta":{"sfsi_plus_gutenberg_text_before_share":"","sfsi_plus_gutenberg_show_text_before_share":"","sfsi_plus_gutenberg_icon_type":"","sfsi_plus_gutenberg_icon_alignemt":"","sfsi_plus_gutenburg_max_per_row":"","_EventAllDay":false,"_EventTimezone":"","_EventStartDate":"","_EventEndDate":"","_EventStartDateUTC":"","_EventEndDateUTC":"","_EventShowMap":false,"_EventShowMapLink":false,"_EventURL":"","_EventCost":"","_EventCostDescription":"","_EventCurrencySymbol":"","_EventCurrencyCode":"","_EventCurrencyPosition":"","_EventDateTimeSeparator":"","_EventTimeRangeSeparator":"","_EventOrganizerID":[],"_EventVenueID":[],"_OrganizerEmail":"","_OrganizerPhone":"","_OrganizerWebsite":"","_VenueAddress":"","_VenueCity":"","_VenueCountry":"","_VenueProvince":"","_VenueState":"","_VenueZip":"","_VenuePhone":"","_VenueURL":"","_VenueStateProvince":"","_VenueLat":"","_VenueLng":"","_VenueShowMap":false,"_VenueShowMapLink":false,"footnotes":""},"categories":[37],"tags":[398,150],"class_list":["post-5938","post","type-post","status-publish","format-standard","has-post-thumbnail","hentry","category-fruit-jardin","tag-fruit-de-mars","tag-orange"],"_links":{"self":[{"href":"https:\/\/www.irreel.ch\/blog\/wp-json\/wp\/v2\/posts\/5938","targetHints":{"allow":["GET"]}}],"collection":[{"href":"https:\/\/www.irreel.ch\/blog\/wp-json\/wp\/v2\/posts"}],"about":[{"href":"https:\/\/www.irreel.ch\/blog\/wp-json\/wp\/v2\/types\/post"}],"author":[{"embeddable":true,"href":"https:\/\/www.irreel.ch\/blog\/wp-json\/wp\/v2\/users\/191"}],"replies":[{"embeddable":true,"href":"https:\/\/www.irreel.ch\/blog\/wp-json\/wp\/v2\/comments?post=5938"}],"version-history":[{"count":3,"href":"https:\/\/www.irreel.ch\/blog\/wp-json\/wp\/v2\/posts\/5938\/revisions"}],"predecessor-version":[{"id":6954,"href":"https:\/\/www.irreel.ch\/blog\/wp-json\/wp\/v2\/posts\/5938\/revisions\/6954"}],"wp:featuredmedia":[{"embeddable":true,"href":"https:\/\/www.irreel.ch\/blog\/wp-json\/wp\/v2\/media\/5939"}],"wp:attachment":[{"href":"https:\/\/www.irreel.ch\/blog\/wp-json\/wp\/v2\/media?parent=5938"}],"wp:term":[{"taxonomy":"category","embeddable":true,"href":"https:\/\/www.irreel.ch\/blog\/wp-json\/wp\/v2\/categories?post=5938"},{"taxonomy":"post_tag","embeddable":true,"href":"https:\/\/www.irreel.ch\/blog\/wp-json\/wp\/v2\/tags?post=5938"}],"curies":[{"name":"wp","href":"https:\/\/api.w.org\/{rel}","templated":true}]}}