{"id":58,"date":"2008-06-20T22:42:23","date_gmt":"2008-06-20T20:42:23","guid":{"rendered":"http:\/\/www.irreel.ch\/blog\/?p=58"},"modified":"2017-02-05T07:25:40","modified_gmt":"2017-02-05T05:25:40","slug":"rouges-eclats","status":"publish","type":"post","link":"https:\/\/www.irreel.ch\/blog\/rouges-eclats\/","title":{"rendered":"rouges \u00e9clats"},"content":{"rendered":"<p><a href=\"http:\/\/www.irreel.ch\/blog\/wp-content\/rouges-oeillets.jpg\"><img decoding=\"async\" class=\"alignleft size-full wp-image-59\" title=\"rouges-oeillets\" src=\"http:\/\/www.irreel.ch\/blog\/wp-content\/rouges-oeillets.jpg\" alt=\"oeillets rouges\" width=\"585\" \/><\/a>Peut-on \u00eatre si rouge? Les \u00e9clats des teintes, les jeux fins des formes en ce soir de juin.<\/p>\n<p>L&rsquo;infinie beaut\u00e9, la tendresse des teintes de ces fleurs, le langage des formes, les jeux des nuances entre elles et en elles! d\u00e9couvrir le parler des fleurs, \u00e9couter ce qu&rsquo;elles nous disent, se sortir de soi et de son monde de pr\u00e9occupations, entrer dans un autre monde de pens\u00e9es, \u00e9couter ce que nous disent les fleurs!<\/p>\n","protected":false},"excerpt":{"rendered":"<p>Peut-on \u00eatre si rouge? Les \u00e9clats des teintes, les jeux fins des formes en ce soir de juin. L&rsquo;infinie beaut\u00e9, la tendresse des teintes de ces fleurs, le langage des formes, les jeux des&#46;&#46;&#46;<\/p>\n","protected":false},"author":191,"featured_media":4375,"comment_status":"open","ping_status":"closed","sticky":false,"template":"","format":"standard","meta":{"sfsi_plus_gutenberg_text_before_share":"","sfsi_plus_gutenberg_show_text_before_share":"","sfsi_plus_gutenberg_icon_type":"","sfsi_plus_gutenberg_icon_alignemt":"","sfsi_plus_gutenburg_max_per_row":"","_EventAllDay":false,"_EventTimezone":"","_EventStartDate":"","_EventEndDate":"","_EventStartDateUTC":"","_EventEndDateUTC":"","_EventShowMap":false,"_EventShowMapLink":false,"_EventURL":"","_EventCost":"","_EventCostDescription":"","_EventCurrencySymbol":"","_EventCurrencyCode":"","_EventCurrencyPosition":"","_EventDateTimeSeparator":"","_EventTimeRangeSeparator":"","_EventOrganizerID":[],"_EventVenueID":[],"_OrganizerEmail":"","_OrganizerPhone":"","_OrganizerWebsite":"","_VenueAddress":"","_VenueCity":"","_VenueCountry":"","_VenueProvince":"","_VenueState":"","_VenueZip":"","_VenuePhone":"","_VenueURL":"","_VenueStateProvince":"","_VenueLat":"","_VenueLng":"","_VenueShowMap":false,"_VenueShowMapLink":false,"footnotes":""},"categories":[21],"tags":[384,79,62],"class_list":["post-58","post","type-post","status-publish","format-standard","has-post-thumbnail","hentry","category-fleurs","tag-fleur","tag-oeillet","tag-rouge"],"_links":{"self":[{"href":"https:\/\/www.irreel.ch\/blog\/wp-json\/wp\/v2\/posts\/58","targetHints":{"allow":["GET"]}}],"collection":[{"href":"https:\/\/www.irreel.ch\/blog\/wp-json\/wp\/v2\/posts"}],"about":[{"href":"https:\/\/www.irreel.ch\/blog\/wp-json\/wp\/v2\/types\/post"}],"author":[{"embeddable":true,"href":"https:\/\/www.irreel.ch\/blog\/wp-json\/wp\/v2\/users\/191"}],"replies":[{"embeddable":true,"href":"https:\/\/www.irreel.ch\/blog\/wp-json\/wp\/v2\/comments?post=58"}],"version-history":[{"count":4,"href":"https:\/\/www.irreel.ch\/blog\/wp-json\/wp\/v2\/posts\/58\/revisions"}],"predecessor-version":[{"id":2737,"href":"https:\/\/www.irreel.ch\/blog\/wp-json\/wp\/v2\/posts\/58\/revisions\/2737"}],"wp:featuredmedia":[{"embeddable":true,"href":"https:\/\/www.irreel.ch\/blog\/wp-json\/wp\/v2\/media\/4375"}],"wp:attachment":[{"href":"https:\/\/www.irreel.ch\/blog\/wp-json\/wp\/v2\/media?parent=58"}],"wp:term":[{"taxonomy":"category","embeddable":true,"href":"https:\/\/www.irreel.ch\/blog\/wp-json\/wp\/v2\/categories?post=58"},{"taxonomy":"post_tag","embeddable":true,"href":"https:\/\/www.irreel.ch\/blog\/wp-json\/wp\/v2\/tags?post=58"}],"curies":[{"name":"wp","href":"https:\/\/api.w.org\/{rel}","templated":true}]}}