{"id":5743,"date":"2019-03-11T00:30:44","date_gmt":"2019-03-10T22:30:44","guid":{"rendered":"http:\/\/www.irreel.ch\/blog\/?p=5743"},"modified":"2019-03-11T00:40:07","modified_gmt":"2019-03-10T22:40:07","slug":"1987-exposition-au-chateau-de-morrens","status":"publish","type":"post","link":"https:\/\/www.irreel.ch\/blog\/1987-exposition-au-chateau-de-morrens\/","title":{"rendered":"1987 Exposition au ch\u00e2teau de Morrens"},"content":{"rendered":"\n<div class=\"wp-block-image\"><figure class=\"aligncenter\"><a href=\"http:\/\/www.irreel.ch\/blog\/wp-content\/uploads\/Morrens-exposition429_Fotor.jpg\"><img loading=\"lazy\" decoding=\"async\" width=\"769\" height=\"822\" src=\"http:\/\/www.irreel.ch\/blog\/wp-content\/uploads\/Morrens-exposition429_Fotor.jpg\" alt=\"\" class=\"wp-image-5745\" srcset=\"https:\/\/www.irreel.ch\/blog\/wp-content\/uploads\/Morrens-exposition429_Fotor.jpg 769w, https:\/\/www.irreel.ch\/blog\/wp-content\/uploads\/Morrens-exposition429_Fotor-140x150.jpg 140w, https:\/\/www.irreel.ch\/blog\/wp-content\/uploads\/Morrens-exposition429_Fotor-281x300.jpg 281w, https:\/\/www.irreel.ch\/blog\/wp-content\/uploads\/Morrens-exposition429_Fotor-768x821.jpg 768w\" sizes=\"auto, (max-width: 769px) 100vw, 769px\" \/><\/a><\/figure><\/div>\n\n\n\n<p>1987 Exposition de Printemps au ch\u00e2teau de Morrens<\/p>\n\n\n\n<div class=\"wp-block-image\"><figure class=\"aligncenter\"><img loading=\"lazy\" decoding=\"async\" width=\"700\" height=\"919\" src=\"http:\/\/www.irreel.ch\/blog\/wp-content\/uploads\/monotype-branchages-1.jpg\" alt=\"\" class=\"wp-image-5227\" srcset=\"https:\/\/www.irreel.ch\/blog\/wp-content\/uploads\/monotype-branchages-1.jpg 700w, https:\/\/www.irreel.ch\/blog\/wp-content\/uploads\/monotype-branchages-1-114x150.jpg 114w, https:\/\/www.irreel.ch\/blog\/wp-content\/uploads\/monotype-branchages-1-229x300.jpg 229w\" sizes=\"auto, (max-width: 700px) 100vw, 700px\" \/><figcaption>Aquarelle musique et paysage<\/figcaption><\/figure><\/div>\n\n\n\n<p>Contraste, tel pourrait \u00eatre le th\u00e8me de l&rsquo;exposition qui accueille, depuis dimanche au ch\u00e2teau de Morrens, sous l\u2019\u00e9gide du groupe local Arts et Loisirs, deux peintres dont les \u0153uvres tendres et po\u00e9tiques voisinent avec les pi\u00e8ces d&rsquo;art brut d\u2019un sculpteur sur bois. Cette juxtaposition inattendue ajoute \u00e0 l&rsquo;int\u00e9r\u00eat de cette 16e exposition de printemps. Samedi, \u00e0 l\u2019heure du vernissage, il y avait foule lors de la pr\u00e9sentation des artistes.<\/p>\n\n\n\n<p>Daniel Thomas, quand il peint, ne craint pas d&rsquo;utiliser plusieurs registres. En effet, cet artiste, n\u00e9 en 1959, ne saurait oublier qu\u2019il est aussi organiste titulaire de plusieurs temples de la r\u00e9gion lausannoise. Apr\u00e8s avoir expos\u00e9 \u00e0 Lausanne et dans le canton, il pr\u00e9sente \u00e0 Morrens des \u0153uvres d&rsquo;une tr\u00e8s grande vari\u00e9t\u00e9 d\u2019expression. Daniel Thomas utilise avec bonheur la peinture \u00e0 l\u2019huile, le crayon, la gouache, la plume, l\u2019acrylique ou le collage pour transmettre ses \u00e9motions.<br>\nIl diversifie les supports et les moyens ; il ne craint pas non plus de changer de mani\u00e8re. Mais, de ce foisonnement, semble se d\u00e9gager, m\u00eame si l&rsquo;artiste ne le sait pas encore, un style propre \u00e0 mat\u00e9rialiser son v\u0153u le plus cher : lier la musique et la peinture.<\/p>\n","protected":false},"excerpt":{"rendered":"<p>1987 Exposition de Printemps au ch\u00e2teau de Morrens Contraste, tel pourrait \u00eatre le th\u00e8me de l&rsquo;exposition qui accueille, depuis dimanche au ch\u00e2teau de Morrens, sous l\u2019\u00e9gide du groupe local Arts et Loisirs, deux peintres&#46;&#46;&#46;<\/p>\n","protected":false},"author":191,"featured_media":5745,"comment_status":"closed","ping_status":"closed","sticky":false,"template":"","format":"standard","meta":{"sfsi_plus_gutenberg_text_before_share":"","sfsi_plus_gutenberg_show_text_before_share":"","sfsi_plus_gutenberg_icon_type":"","sfsi_plus_gutenberg_icon_alignemt":"","sfsi_plus_gutenburg_max_per_row":"","_EventAllDay":false,"_EventTimezone":"","_EventStartDate":"","_EventEndDate":"","_EventStartDateUTC":"","_EventEndDateUTC":"","_EventShowMap":false,"_EventShowMapLink":false,"_EventURL":"","_EventCost":"","_EventCostDescription":"","_EventCurrencySymbol":"","_EventCurrencyCode":"","_EventCurrencyPosition":"","_EventDateTimeSeparator":"","_EventTimeRangeSeparator":"","_EventOrganizerID":[],"_EventVenueID":[],"_OrganizerEmail":"","_OrganizerPhone":"","_OrganizerWebsite":"","_VenueAddress":"","_VenueCity":"","_VenueCountry":"","_VenueProvince":"","_VenueState":"","_VenueZip":"","_VenuePhone":"","_VenueURL":"","_VenueStateProvince":"","_VenueLat":"","_VenueLng":"","_VenueShowMap":false,"_VenueShowMapLink":false,"footnotes":""},"categories":[168],"tags":[],"class_list":["post-5743","post","type-post","status-publish","format-standard","has-post-thumbnail","hentry","category-exposition"],"_links":{"self":[{"href":"https:\/\/www.irreel.ch\/blog\/wp-json\/wp\/v2\/posts\/5743","targetHints":{"allow":["GET"]}}],"collection":[{"href":"https:\/\/www.irreel.ch\/blog\/wp-json\/wp\/v2\/posts"}],"about":[{"href":"https:\/\/www.irreel.ch\/blog\/wp-json\/wp\/v2\/types\/post"}],"author":[{"embeddable":true,"href":"https:\/\/www.irreel.ch\/blog\/wp-json\/wp\/v2\/users\/191"}],"replies":[{"embeddable":true,"href":"https:\/\/www.irreel.ch\/blog\/wp-json\/wp\/v2\/comments?post=5743"}],"version-history":[{"count":2,"href":"https:\/\/www.irreel.ch\/blog\/wp-json\/wp\/v2\/posts\/5743\/revisions"}],"predecessor-version":[{"id":5746,"href":"https:\/\/www.irreel.ch\/blog\/wp-json\/wp\/v2\/posts\/5743\/revisions\/5746"}],"wp:featuredmedia":[{"embeddable":true,"href":"https:\/\/www.irreel.ch\/blog\/wp-json\/wp\/v2\/media\/5745"}],"wp:attachment":[{"href":"https:\/\/www.irreel.ch\/blog\/wp-json\/wp\/v2\/media?parent=5743"}],"wp:term":[{"taxonomy":"category","embeddable":true,"href":"https:\/\/www.irreel.ch\/blog\/wp-json\/wp\/v2\/categories?post=5743"},{"taxonomy":"post_tag","embeddable":true,"href":"https:\/\/www.irreel.ch\/blog\/wp-json\/wp\/v2\/tags?post=5743"}],"curies":[{"name":"wp","href":"https:\/\/api.w.org\/{rel}","templated":true}]}}