{"id":5722,"date":"2019-03-10T22:38:34","date_gmt":"2019-03-10T20:38:34","guid":{"rendered":"http:\/\/www.irreel.ch\/blog\/?p=5722"},"modified":"2019-03-10T23:04:31","modified_gmt":"2019-03-10T21:04:31","slug":"1986-exposition-a-lausanne","status":"publish","type":"post","link":"https:\/\/www.irreel.ch\/blog\/1986-exposition-a-lausanne\/","title":{"rendered":"1986 Exposition Jeux d&rsquo;eau, Terre et ciel"},"content":{"rendered":"\n<p>1986 Mai &#8211; juin. Exposition dans les locaux de l&rsquo;Union suisse des Caisses Raiffeisen \u00e0 Lausanne<\/p>\n\n\n\n<figure class=\"wp-block-image\"><a href=\"http:\/\/www.irreel.ch\/blog\/wp-content\/uploads\/exposition-Raiffeisen-tableau_Fotor.jpg\"><img loading=\"lazy\" decoding=\"async\" width=\"900\" height=\"1291\" src=\"http:\/\/www.irreel.ch\/blog\/wp-content\/uploads\/exposition-Raiffeisen-tableau_Fotor.jpg\" alt=\"\" class=\"wp-image-5723\" srcset=\"https:\/\/www.irreel.ch\/blog\/wp-content\/uploads\/exposition-Raiffeisen-tableau_Fotor.jpg 900w, https:\/\/www.irreel.ch\/blog\/wp-content\/uploads\/exposition-Raiffeisen-tableau_Fotor-105x150.jpg 105w, https:\/\/www.irreel.ch\/blog\/wp-content\/uploads\/exposition-Raiffeisen-tableau_Fotor-209x300.jpg 209w, https:\/\/www.irreel.ch\/blog\/wp-content\/uploads\/exposition-Raiffeisen-tableau_Fotor-768x1102.jpg 768w, https:\/\/www.irreel.ch\/blog\/wp-content\/uploads\/exposition-Raiffeisen-tableau_Fotor-714x1024.jpg 714w\" sizes=\"auto, (max-width: 900px) 100vw, 900px\" \/><\/a><figcaption>Article li\u00e9 \u00e0 cette exposition<\/figcaption><\/figure>\n\n\n\n<figure class=\"wp-block-image\"><img loading=\"lazy\" decoding=\"async\" width=\"650\" height=\"470\" src=\"http:\/\/www.irreel.ch\/blog\/wp-content\/uploads\/alpes-descente-vallee-1.jpg\" alt=\"\" class=\"wp-image-5464\" srcset=\"https:\/\/www.irreel.ch\/blog\/wp-content\/uploads\/alpes-descente-vallee-1.jpg 650w, https:\/\/www.irreel.ch\/blog\/wp-content\/uploads\/alpes-descente-vallee-1-150x108.jpg 150w, https:\/\/www.irreel.ch\/blog\/wp-content\/uploads\/alpes-descente-vallee-1-300x217.jpg 300w\" sizes=\"auto, (max-width: 650px) 100vw, 650px\" \/><figcaption>Dessins \u00e0 la plume<\/figcaption><\/figure>\n\n\n\n<p>RENCONTRE<br>\nRencontre<br>\nDANIEL THOMAS :<br>\npeintre et organiste<\/p>\n\n\n\n<p>Depuis quelques semaines et jusqu\u2019\u00e0 la fin juin, les \u0153uvres d\u2019un jeune artiste vaudois, Daniel<br> Thomas, sont expos\u00e9es dans les bureaux de l\u2019Union suisse des Caisses Raiffeisen, \u00e0 Lausanne.<br> Une occasion de faire plus ample connaissance, pour Le Messager, avec un jeune homme qui a plus d\u2019une corde \u00e0 son arc\u2026<br> Et premi\u00e8re surprise! L\u2019auteur des \u00abRoches et Sables\u00bb, \u00abGraffiti forestier\u00bb, \u00abJeux d&rsquo;Eau\u00bb et \u00abTerre et Ciel\u00bb (parmi d\u2019autres \u0153uvres) qui \u00e9gaient les locaux de l\u2019USCR est aussi musicien. Organiste titulaire des \u00e9glises de Morrens, de Montheron, mais encore au Prieur\u00e9 de Pully et \u00e0 l\u2019Eglise su\u00e9doise en Suisse, \u00e0 Lausanne, Daniel Thomas poursuit actuellement ses \u00e9tudes d&rsquo;orgue au Conservatoire de Lausanne.<br> Mais la peinture? Elle n\u2019est pas oppos\u00e9e \u00e0 la musique, nous prouve ce jeune homme, mais compl\u00e9mentaire. \u00abLe fait de changer d&rsquo;activit\u00e9 est toujours b\u00e9n\u00e9fique. La musique enrichit la peinture. Et inversement!\u00bb Dans sa maison de Cugy, Daniel Thomas va du clavecin ou de l\u2019harmonium \u00e0 clavier au chevalet. Selon ses \u00e9tats d\u2019\u00e2me et son inspiration, selon les exigences de son calendrier sur lequel figurent concerts et expositions.<br> Rien qu\u2019\u00e0 observer les paysages aim\u00e9s qu\u2019il a peints, on se rend compte que Daniel Thomas \u00e9prouve un grand respect pour la nature. et pour le silence. \u00abOn ne peut pas faire de la musique ni de la peinture si la paix ne r\u00e8gne pas autour de vous\u2026\u00bb<\/p>\n\n\n\n<p>La joie de vivre<br>\nEt ce futur musicien professionnel de nous dire sa peinture: \u00abJ&rsquo;utilise surtout deux techniques: l\u2019une au pinceau, l\u2019autre imprim\u00e9e \u00e0 l\u2019\u00e9ponge. J\u2019emploie tr\u00e8s peu de couleurs (le rose, le jaune, le blanc) et seulement des couleurs fondamentales sur la base desquelles je peux ajouter un tas de nuances. J&rsquo;aime beaucoup dessiner \u00e0 la plume.\u00bb<br>\nPremi\u00e8re phase de la plupart des \u0152uvres picturales de Daniel Thomas : il dessine sur place. Deuxi\u00e8me phase: il recompose dans le silence de son atelier.<br>\nCet admirateur de Frank Marc et des impressionnistes, ainsi que de Paul Klee, nous confie que,<br>\npour lui, la peinture c\u2019est aussi de la musique. \u00abQue je r\u00e9alise du figuratif ou non importe peu. Ce qui compte, c\u2019est le langage exprim\u00e9 par la peinture : une certaine joie de vivre qu\u2019on retrouve aussi dans la musique. \u00bb<\/p>\n\n\n\n<p>Points de rep\u00e8re<br>\n1959: originaire de Bercher, naissance \u00e0 Lausanne.<br>\n1980-1983: plusieurs s\u00e9jours d\u2019\u00e9tudes (grec) et tourn\u00e9es musicales en Angleterre avec le ch\u0153ur universitaire \u00abChrist the King\u00bb.<br>\nLicence en lettres (grec, latin, philosophie).<br>\nD. Thomas a expos\u00e9, en janvier 1986, \u00e0 l\u2019Universit\u00e9 de Dorigny. \u00c0 cette occasion, il a aussi donn\u00e9 un concert de clavecin (musique anglaise, ancienne et contemporaine). En juin de la<br>\nm\u00eame ann\u00e9e, il a pr\u00e9sent\u00e9 ses \u0153uvres \u00e0 la Galerie Unip art contemporain, \u00e0 Lausanne.<br>\nA l\u2019heure o\u00f9 nous mettons sous presse, l\u2019artiste vaudois, dont le but consiste \u00e0 \u00ablier la musique et la peinture, l&rsquo;\u00e9motion du paysage \u00e0 l\u2019\u00e9motion musicale\u00bb, aura donn\u00e9 toute une s\u00e9rie de concerts de l\u2019Avent dans le Pays vaudois.<br>\n\u00abUne exposition, c\u2019est d\u2019abord un spectacle, comme un concert.\u00bb<\/p>\n\n\n\n<p>LE MESSAGER RAIFFEISEN 12\u2014 1986<\/p>\n","protected":false},"excerpt":{"rendered":"<p>1986 Mai &#8211; juin. Exposition dans les locaux de l&rsquo;Union suisse des Caisses Raiffeisen \u00e0 Lausanne RENCONTRE Rencontre DANIEL THOMAS : peintre et organiste Depuis quelques semaines et jusqu\u2019\u00e0 la fin juin, les \u0153uvres&#46;&#46;&#46;<\/p>\n","protected":false},"author":191,"featured_media":5723,"comment_status":"closed","ping_status":"closed","sticky":false,"template":"","format":"standard","meta":{"sfsi_plus_gutenberg_text_before_share":"","sfsi_plus_gutenberg_show_text_before_share":"","sfsi_plus_gutenberg_icon_type":"","sfsi_plus_gutenberg_icon_alignemt":"","sfsi_plus_gutenburg_max_per_row":"","_EventAllDay":false,"_EventTimezone":"","_EventStartDate":"","_EventEndDate":"","_EventStartDateUTC":"","_EventEndDateUTC":"","_EventShowMap":false,"_EventShowMapLink":false,"_EventURL":"","_EventCost":"","_EventCostDescription":"","_EventCurrencySymbol":"","_EventCurrencyCode":"","_EventCurrencyPosition":"","_EventDateTimeSeparator":"","_EventTimeRangeSeparator":"","_EventOrganizerID":[],"_EventVenueID":[],"_OrganizerEmail":"","_OrganizerPhone":"","_OrganizerWebsite":"","_VenueAddress":"","_VenueCity":"","_VenueCountry":"","_VenueProvince":"","_VenueState":"","_VenueZip":"","_VenuePhone":"","_VenueURL":"","_VenueStateProvince":"","_VenueLat":"","_VenueLng":"","_VenueShowMap":false,"_VenueShowMapLink":false,"footnotes":""},"categories":[168],"tags":[],"class_list":["post-5722","post","type-post","status-publish","format-standard","has-post-thumbnail","hentry","category-exposition"],"_links":{"self":[{"href":"https:\/\/www.irreel.ch\/blog\/wp-json\/wp\/v2\/posts\/5722","targetHints":{"allow":["GET"]}}],"collection":[{"href":"https:\/\/www.irreel.ch\/blog\/wp-json\/wp\/v2\/posts"}],"about":[{"href":"https:\/\/www.irreel.ch\/blog\/wp-json\/wp\/v2\/types\/post"}],"author":[{"embeddable":true,"href":"https:\/\/www.irreel.ch\/blog\/wp-json\/wp\/v2\/users\/191"}],"replies":[{"embeddable":true,"href":"https:\/\/www.irreel.ch\/blog\/wp-json\/wp\/v2\/comments?post=5722"}],"version-history":[{"count":3,"href":"https:\/\/www.irreel.ch\/blog\/wp-json\/wp\/v2\/posts\/5722\/revisions"}],"predecessor-version":[{"id":5731,"href":"https:\/\/www.irreel.ch\/blog\/wp-json\/wp\/v2\/posts\/5722\/revisions\/5731"}],"wp:featuredmedia":[{"embeddable":true,"href":"https:\/\/www.irreel.ch\/blog\/wp-json\/wp\/v2\/media\/5723"}],"wp:attachment":[{"href":"https:\/\/www.irreel.ch\/blog\/wp-json\/wp\/v2\/media?parent=5722"}],"wp:term":[{"taxonomy":"category","embeddable":true,"href":"https:\/\/www.irreel.ch\/blog\/wp-json\/wp\/v2\/categories?post=5722"},{"taxonomy":"post_tag","embeddable":true,"href":"https:\/\/www.irreel.ch\/blog\/wp-json\/wp\/v2\/tags?post=5722"}],"curies":[{"name":"wp","href":"https:\/\/api.w.org\/{rel}","templated":true}]}}