{"id":5712,"date":"2019-03-10T07:19:27","date_gmt":"2019-03-10T05:19:27","guid":{"rendered":"http:\/\/www.irreel.ch\/blog\/?p=5712"},"modified":"2019-03-10T07:36:09","modified_gmt":"2019-03-10T05:36:09","slug":"1996-exposition-instants-de-regard","status":"publish","type":"post","link":"https:\/\/www.irreel.ch\/blog\/1996-exposition-instants-de-regard\/","title":{"rendered":"1996 Exposition \/ instants de regard"},"content":{"rendered":"\n<div class=\"wp-block-image\"><figure class=\"aligncenter\"><a href=\"http:\/\/www.irreel.ch\/blog\/wp-content\/uploads\/galerie-atelier-1996.jpg\"><img loading=\"lazy\" decoding=\"async\" width=\"729\" height=\"1024\" src=\"http:\/\/www.irreel.ch\/blog\/wp-content\/uploads\/galerie-atelier-1996-729x1024.jpg\" alt=\"\" class=\"wp-image-5713\" srcset=\"https:\/\/www.irreel.ch\/blog\/wp-content\/uploads\/galerie-atelier-1996-729x1024.jpg 729w, https:\/\/www.irreel.ch\/blog\/wp-content\/uploads\/galerie-atelier-1996-107x150.jpg 107w, https:\/\/www.irreel.ch\/blog\/wp-content\/uploads\/galerie-atelier-1996-214x300.jpg 214w, https:\/\/www.irreel.ch\/blog\/wp-content\/uploads\/galerie-atelier-1996-768x1079.jpg 768w, https:\/\/www.irreel.ch\/blog\/wp-content\/uploads\/galerie-atelier-1996.jpg 800w\" sizes=\"auto, (max-width: 729px) 100vw, 729px\" \/><\/a><\/figure><\/div>\n\n\n\n<p>1996 Galerie l\u2019Atelier, Le Mont-sur-Lausanne \/ <strong>Instants de regard<\/strong><\/p>\n\n\n\n<p>La Galerie l&rsquo;Atelier<\/p>\n\n\n\n<p>a le plaisir de VOUS Convier au vernissage<br>\nde l&rsquo;exposition<\/p>\n\n\n\n<p>INSTanTs dE regard<\/p>\n\n\n\n<p>Daniel Thomas<\/p>\n\n\n\n<p>le jeudi 21 mars 1996 d\u00e8s 17h<br>\nL&rsquo;EXPOSITION sera pr\u00e9sent\u00e9e jusqu&rsquo;au dimanche 21 avril 1996<\/p>\n\n\n\n<p>Ouverture.<br>\nmardi, mercredi, jeudi de 15 h \u00e0 18 h 30<br>\ndimanche de 14h \u00e0 17h et sur rendez-vous.<\/p>\n\n\n\n<p>Route de Lausanne 45 + 1052 Le Mont-sur-Lausanne <\/p>\n\n\n\n<figure class=\"wp-block-image\"><a href=\"http:\/\/www.irreel.ch\/blog\/wp-content\/uploads\/galerie-atelier-curriculum.jpg\"><img loading=\"lazy\" decoding=\"async\" width=\"1200\" height=\"824\" src=\"http:\/\/www.irreel.ch\/blog\/wp-content\/uploads\/galerie-atelier-curriculum.jpg\" alt=\"\" class=\"wp-image-5717\" srcset=\"https:\/\/www.irreel.ch\/blog\/wp-content\/uploads\/galerie-atelier-curriculum.jpg 1200w, https:\/\/www.irreel.ch\/blog\/wp-content\/uploads\/galerie-atelier-curriculum-150x103.jpg 150w, https:\/\/www.irreel.ch\/blog\/wp-content\/uploads\/galerie-atelier-curriculum-300x206.jpg 300w, https:\/\/www.irreel.ch\/blog\/wp-content\/uploads\/galerie-atelier-curriculum-768x527.jpg 768w, https:\/\/www.irreel.ch\/blog\/wp-content\/uploads\/galerie-atelier-curriculum-1024x703.jpg 1024w\" sizes=\"auto, (max-width: 1200px) 100vw, 1200px\" \/><\/a><\/figure>\n\n\n\n<p>Daniel Thomas travaille simultan\u00e9ment trois domaines de l&rsquo;esprit.<\/p>\n\n\n\n<p>Les mots, les langues,<\/p>\n\n\n\n<p>Il est licenci\u00e9 \u00e8s Lettres de l&rsquo;universit\u00e9 de Lausanne (grec, latin et philosophie; en 1984) et se concentre particuli\u00e8rement sur les contes, utopies, mondes imaginaires  et les personnages libres et cr\u00e9ateurs. Il \u00e9tudie et pratique de nombreuses langues d&rsquo;Europe.<\/p>\n\n\n\n<p>Les sons, l&rsquo;improvisation musicale,<\/p>\n\n\n\n<p>Il a obtenu une virtuosit\u00e9 d&rsquo;orgue du conservatoire de Lausanne en 1992.<br> Il est titulaire des orgues de l&rsquo;abbaye de Montheron et donne des concerts en Suisse et \u00e0 l&rsquo;\u00e9tranger, par exemple en Su\u00e8de ou au Mexique. Il improvise, \u00e0 l&rsquo;orgue et au piano ou au clavecin sur des images visuelles, des paysages, des \u00e9l\u00e9ments du monde,<br> captant leur musique \u00e0 partir des bruits naturels et des couleurs des choses.<\/p>\n\n\n\n<p>Les couleurs, l&rsquo;improvisation picturale,<\/p>\n\n\n\n<p>Il a donn\u00e9 de nombreuses expositions dans le canton de Vaud et donne souvent des concerts expositions. Il improvise ses peintures \u00e0 l&rsquo;huile o\u00f9 \u00e0 l&rsquo;acrylique \u00e0 partir des souvenirs de paysages, d&rsquo;impressions de visions grav\u00e9es dans l&rsquo;esprit, d&rsquo;instants de regard o\u00f9 la Terre appara\u00eet dans tout son \u00e9clat.<\/p>\n","protected":false},"excerpt":{"rendered":"<p>1996 Galerie l\u2019Atelier, Le Mont-sur-Lausanne \/ Instants de regard La Galerie l&rsquo;Atelier a le plaisir de VOUS Convier au vernissage de l&rsquo;exposition INSTanTs dE regard Daniel Thomas le jeudi 21 mars 1996 d\u00e8s 17h&#46;&#46;&#46;<\/p>\n","protected":false},"author":191,"featured_media":5713,"comment_status":"closed","ping_status":"closed","sticky":false,"template":"","format":"standard","meta":{"sfsi_plus_gutenberg_text_before_share":"","sfsi_plus_gutenberg_show_text_before_share":"","sfsi_plus_gutenberg_icon_type":"","sfsi_plus_gutenberg_icon_alignemt":"","sfsi_plus_gutenburg_max_per_row":"","_EventAllDay":false,"_EventTimezone":"","_EventStartDate":"","_EventEndDate":"","_EventStartDateUTC":"","_EventEndDateUTC":"","_EventShowMap":false,"_EventShowMapLink":false,"_EventURL":"","_EventCost":"","_EventCostDescription":"","_EventCurrencySymbol":"","_EventCurrencyCode":"","_EventCurrencyPosition":"","_EventDateTimeSeparator":"","_EventTimeRangeSeparator":"","_EventOrganizerID":[],"_EventVenueID":[],"_OrganizerEmail":"","_OrganizerPhone":"","_OrganizerWebsite":"","_VenueAddress":"","_VenueCity":"","_VenueCountry":"","_VenueProvince":"","_VenueState":"","_VenueZip":"","_VenuePhone":"","_VenueURL":"","_VenueStateProvince":"","_VenueLat":"","_VenueLng":"","_VenueShowMap":false,"_VenueShowMapLink":false,"footnotes":""},"categories":[168],"tags":[547],"class_list":["post-5712","post","type-post","status-publish","format-standard","has-post-thumbnail","hentry","category-exposition","tag-exposition"],"_links":{"self":[{"href":"https:\/\/www.irreel.ch\/blog\/wp-json\/wp\/v2\/posts\/5712","targetHints":{"allow":["GET"]}}],"collection":[{"href":"https:\/\/www.irreel.ch\/blog\/wp-json\/wp\/v2\/posts"}],"about":[{"href":"https:\/\/www.irreel.ch\/blog\/wp-json\/wp\/v2\/types\/post"}],"author":[{"embeddable":true,"href":"https:\/\/www.irreel.ch\/blog\/wp-json\/wp\/v2\/users\/191"}],"replies":[{"embeddable":true,"href":"https:\/\/www.irreel.ch\/blog\/wp-json\/wp\/v2\/comments?post=5712"}],"version-history":[{"count":4,"href":"https:\/\/www.irreel.ch\/blog\/wp-json\/wp\/v2\/posts\/5712\/revisions"}],"predecessor-version":[{"id":5719,"href":"https:\/\/www.irreel.ch\/blog\/wp-json\/wp\/v2\/posts\/5712\/revisions\/5719"}],"wp:featuredmedia":[{"embeddable":true,"href":"https:\/\/www.irreel.ch\/blog\/wp-json\/wp\/v2\/media\/5713"}],"wp:attachment":[{"href":"https:\/\/www.irreel.ch\/blog\/wp-json\/wp\/v2\/media?parent=5712"}],"wp:term":[{"taxonomy":"category","embeddable":true,"href":"https:\/\/www.irreel.ch\/blog\/wp-json\/wp\/v2\/categories?post=5712"},{"taxonomy":"post_tag","embeddable":true,"href":"https:\/\/www.irreel.ch\/blog\/wp-json\/wp\/v2\/tags?post=5712"}],"curies":[{"name":"wp","href":"https:\/\/api.w.org\/{rel}","templated":true}]}}