{"id":5490,"date":"2019-03-08T10:42:47","date_gmt":"2019-03-08T08:42:47","guid":{"rendered":"http:\/\/www.irreel.ch\/blog\/?p=5490"},"modified":"2022-12-21T06:12:19","modified_gmt":"2022-12-21T05:12:19","slug":"dessin-aquarelle-portail","status":"publish","type":"post","link":"https:\/\/www.irreel.ch\/blog\/dessin-aquarelle-portail\/","title":{"rendered":"Dessin \/ aquarelle \/ portail"},"content":{"rendered":"\n<p>Portail gothique, entr\u00e9e dans le spirituel, espace ouvert vers l&rsquo;au-del\u00e0, l&rsquo;\u00e9ternel et les possibles, aquarelle, 1979.<\/p>\n\n\n\n<figure class=\"wp-block-image\"><a href=\"http:\/\/www.irreel.ch\/blog\/wp-content\/uploads\/portail-gothique.jpg\"><img loading=\"lazy\" decoding=\"async\" width=\"600\" height=\"831\" src=\"http:\/\/www.irreel.ch\/blog\/wp-content\/uploads\/portail-gothique.jpg\" alt=\"\" class=\"wp-image-5491\" srcset=\"https:\/\/www.irreel.ch\/blog\/wp-content\/uploads\/portail-gothique.jpg 600w, https:\/\/www.irreel.ch\/blog\/wp-content\/uploads\/portail-gothique-108x150.jpg 108w, https:\/\/www.irreel.ch\/blog\/wp-content\/uploads\/portail-gothique-217x300.jpg 217w\" sizes=\"auto, (max-width: 600px) 100vw, 600px\" \/><\/a><figcaption class=\"wp-element-caption\">jeux de lumi\u00e8res, teintes sur la pierre<\/figcaption><\/figure>\n","protected":false},"excerpt":{"rendered":"<p>Portail gothique, entr\u00e9e dans le spirituel, espace ouvert vers l&rsquo;au-del\u00e0, l&rsquo;\u00e9ternel et les possibles, aquarelle, 1979.<\/p>\n","protected":false},"author":191,"featured_media":5491,"comment_status":"open","ping_status":"closed","sticky":false,"template":"","format":"standard","meta":{"sfsi_plus_gutenberg_text_before_share":"","sfsi_plus_gutenberg_show_text_before_share":"","sfsi_plus_gutenberg_icon_type":"","sfsi_plus_gutenberg_icon_alignemt":"","sfsi_plus_gutenburg_max_per_row":"","_EventAllDay":false,"_EventTimezone":"","_EventStartDate":"","_EventEndDate":"","_EventStartDateUTC":"","_EventEndDateUTC":"","_EventShowMap":false,"_EventShowMapLink":false,"_EventURL":"","_EventCost":"","_EventCostDescription":"","_EventCurrencySymbol":"","_EventCurrencyCode":"","_EventCurrencyPosition":"","_EventDateTimeSeparator":"","_EventTimeRangeSeparator":"","_EventOrganizerID":[],"_EventVenueID":[],"_OrganizerEmail":"","_OrganizerPhone":"","_OrganizerWebsite":"","_VenueAddress":"","_VenueCity":"","_VenueCountry":"","_VenueProvince":"","_VenueState":"","_VenueZip":"","_VenuePhone":"","_VenueURL":"","_VenueStateProvince":"","_VenueLat":"","_VenueLng":"","_VenueShowMap":false,"_VenueShowMapLink":false,"footnotes":""},"categories":[193,8],"tags":[631,586],"class_list":["post-5490","post","type-post","status-publish","format-standard","has-post-thumbnail","hentry","category-aquarelle","category-dessin","tag-dessin-darchitecture","tag-eglise"],"_links":{"self":[{"href":"https:\/\/www.irreel.ch\/blog\/wp-json\/wp\/v2\/posts\/5490","targetHints":{"allow":["GET"]}}],"collection":[{"href":"https:\/\/www.irreel.ch\/blog\/wp-json\/wp\/v2\/posts"}],"about":[{"href":"https:\/\/www.irreel.ch\/blog\/wp-json\/wp\/v2\/types\/post"}],"author":[{"embeddable":true,"href":"https:\/\/www.irreel.ch\/blog\/wp-json\/wp\/v2\/users\/191"}],"replies":[{"embeddable":true,"href":"https:\/\/www.irreel.ch\/blog\/wp-json\/wp\/v2\/comments?post=5490"}],"version-history":[{"count":2,"href":"https:\/\/www.irreel.ch\/blog\/wp-json\/wp\/v2\/posts\/5490\/revisions"}],"predecessor-version":[{"id":6916,"href":"https:\/\/www.irreel.ch\/blog\/wp-json\/wp\/v2\/posts\/5490\/revisions\/6916"}],"wp:featuredmedia":[{"embeddable":true,"href":"https:\/\/www.irreel.ch\/blog\/wp-json\/wp\/v2\/media\/5491"}],"wp:attachment":[{"href":"https:\/\/www.irreel.ch\/blog\/wp-json\/wp\/v2\/media?parent=5490"}],"wp:term":[{"taxonomy":"category","embeddable":true,"href":"https:\/\/www.irreel.ch\/blog\/wp-json\/wp\/v2\/categories?post=5490"},{"taxonomy":"post_tag","embeddable":true,"href":"https:\/\/www.irreel.ch\/blog\/wp-json\/wp\/v2\/tags?post=5490"}],"curies":[{"name":"wp","href":"https:\/\/api.w.org\/{rel}","templated":true}]}}