{"id":5487,"date":"2019-03-08T10:39:30","date_gmt":"2019-03-08T08:39:30","guid":{"rendered":"http:\/\/www.irreel.ch\/blog\/?p=5487"},"modified":"2019-03-08T10:39:33","modified_gmt":"2019-03-08T08:39:33","slug":"dessin-aquarelle-tour-elancee","status":"publish","type":"post","link":"https:\/\/www.irreel.ch\/blog\/dessin-aquarelle-tour-elancee\/","title":{"rendered":"Dessin \/ aquarelle \/ tour \u00e9lanc\u00e9e"},"content":{"rendered":"\n<p>Tour \u00e9lanc\u00e9e \u00e0 Frauenfeld, aller vers le ciel, aquarelle, 1979.<\/p>\n\n\n\n<figure class=\"wp-block-image\"><a href=\"http:\/\/www.irreel.ch\/blog\/wp-content\/uploads\/frauenfeld-eglise.jpg\"><img loading=\"lazy\" decoding=\"async\" width=\"779\" height=\"882\" src=\"http:\/\/www.irreel.ch\/blog\/wp-content\/uploads\/frauenfeld-eglise.jpg\" alt=\"\" class=\"wp-image-5488\" srcset=\"https:\/\/www.irreel.ch\/blog\/wp-content\/uploads\/frauenfeld-eglise.jpg 779w, https:\/\/www.irreel.ch\/blog\/wp-content\/uploads\/frauenfeld-eglise-132x150.jpg 132w, https:\/\/www.irreel.ch\/blog\/wp-content\/uploads\/frauenfeld-eglise-265x300.jpg 265w, https:\/\/www.irreel.ch\/blog\/wp-content\/uploads\/frauenfeld-eglise-768x870.jpg 768w\" sizes=\"auto, (max-width: 779px) 100vw, 779px\" \/><\/a><figcaption>Instant de voyage, \u00e0 Frauenfeld <\/figcaption><\/figure>\n","protected":false},"excerpt":{"rendered":"<p>Tour \u00e9lanc\u00e9e \u00e0 Frauenfeld, aller vers le ciel, aquarelle, 1979.<\/p>\n","protected":false},"author":191,"featured_media":5488,"comment_status":"closed","ping_status":"closed","sticky":false,"template":"","format":"standard","meta":{"sfsi_plus_gutenberg_text_before_share":"","sfsi_plus_gutenberg_show_text_before_share":"","sfsi_plus_gutenberg_icon_type":"","sfsi_plus_gutenberg_icon_alignemt":"","sfsi_plus_gutenburg_max_per_row":"","_EventAllDay":false,"_EventTimezone":"","_EventStartDate":"","_EventEndDate":"","_EventStartDateUTC":"","_EventEndDateUTC":"","_EventShowMap":false,"_EventShowMapLink":false,"_EventURL":"","_EventCost":"","_EventCostDescription":"","_EventCurrencySymbol":"","_EventCurrencyCode":"","_EventCurrencyPosition":"","_EventDateTimeSeparator":"","_EventTimeRangeSeparator":"","_EventOrganizerID":[],"_EventVenueID":[],"_OrganizerEmail":"","_OrganizerPhone":"","_OrganizerWebsite":"","_VenueAddress":"","_VenueCity":"","_VenueCountry":"","_VenueProvince":"","_VenueState":"","_VenueZip":"","_VenuePhone":"","_VenueURL":"","_VenueStateProvince":"","_VenueLat":"","_VenueLng":"","_VenueShowMap":false,"_VenueShowMapLink":false,"footnotes":""},"categories":[193,8],"tags":[594,631,429,599],"class_list":["post-5487","post","type-post","status-publish","format-standard","has-post-thumbnail","hentry","category-aquarelle","category-dessin","tag-clocher","tag-dessin-darchitecture","tag-dessin-de-paysage","tag-tour"],"_links":{"self":[{"href":"https:\/\/www.irreel.ch\/blog\/wp-json\/wp\/v2\/posts\/5487","targetHints":{"allow":["GET"]}}],"collection":[{"href":"https:\/\/www.irreel.ch\/blog\/wp-json\/wp\/v2\/posts"}],"about":[{"href":"https:\/\/www.irreel.ch\/blog\/wp-json\/wp\/v2\/types\/post"}],"author":[{"embeddable":true,"href":"https:\/\/www.irreel.ch\/blog\/wp-json\/wp\/v2\/users\/191"}],"replies":[{"embeddable":true,"href":"https:\/\/www.irreel.ch\/blog\/wp-json\/wp\/v2\/comments?post=5487"}],"version-history":[{"count":1,"href":"https:\/\/www.irreel.ch\/blog\/wp-json\/wp\/v2\/posts\/5487\/revisions"}],"predecessor-version":[{"id":5489,"href":"https:\/\/www.irreel.ch\/blog\/wp-json\/wp\/v2\/posts\/5487\/revisions\/5489"}],"wp:featuredmedia":[{"embeddable":true,"href":"https:\/\/www.irreel.ch\/blog\/wp-json\/wp\/v2\/media\/5488"}],"wp:attachment":[{"href":"https:\/\/www.irreel.ch\/blog\/wp-json\/wp\/v2\/media?parent=5487"}],"wp:term":[{"taxonomy":"category","embeddable":true,"href":"https:\/\/www.irreel.ch\/blog\/wp-json\/wp\/v2\/categories?post=5487"},{"taxonomy":"post_tag","embeddable":true,"href":"https:\/\/www.irreel.ch\/blog\/wp-json\/wp\/v2\/tags?post=5487"}],"curies":[{"name":"wp","href":"https:\/\/api.w.org\/{rel}","templated":true}]}}