{"id":5435,"date":"2019-03-08T08:11:29","date_gmt":"2019-03-08T06:11:29","guid":{"rendered":"http:\/\/www.irreel.ch\/blog\/?p=5435"},"modified":"2019-03-08T08:11:32","modified_gmt":"2019-03-08T06:11:32","slug":"dessin-formes-cortege-royal","status":"publish","type":"post","link":"https:\/\/www.irreel.ch\/blog\/dessin-formes-cortege-royal\/","title":{"rendered":"Dessin \/ formes \/ cort\u00e8ge royal"},"content":{"rendered":"\n<p>Dessin \u00e0 la plume, formes g\u00e9om\u00e9triques, cort\u00e8ge royal ou vaisseau spatial<\/p>\n\n\n\n<figure class=\"wp-block-image\"><img loading=\"lazy\" decoding=\"async\" width=\"609\" height=\"449\" src=\"http:\/\/www.irreel.ch\/blog\/wp-content\/uploads\/cortege-royal_Fotor.jpg\" alt=\"\" class=\"wp-image-5436\" srcset=\"https:\/\/www.irreel.ch\/blog\/wp-content\/uploads\/cortege-royal_Fotor.jpg 609w, https:\/\/www.irreel.ch\/blog\/wp-content\/uploads\/cortege-royal_Fotor-150x111.jpg 150w, https:\/\/www.irreel.ch\/blog\/wp-content\/uploads\/cortege-royal_Fotor-300x221.jpg 300w\" sizes=\"auto, (max-width: 609px) 100vw, 609px\" \/><figcaption>Quelle \u00e9trange rencontre sur son chemin!<\/figcaption><\/figure>\n","protected":false},"excerpt":{"rendered":"<p>Dessin \u00e0 la plume, formes g\u00e9om\u00e9triques, cort\u00e8ge royal ou vaisseau spatial<\/p>\n","protected":false},"author":191,"featured_media":5436,"comment_status":"closed","ping_status":"closed","sticky":false,"template":"","format":"standard","meta":{"sfsi_plus_gutenberg_text_before_share":"","sfsi_plus_gutenberg_show_text_before_share":"","sfsi_plus_gutenberg_icon_type":"","sfsi_plus_gutenberg_icon_alignemt":"","sfsi_plus_gutenburg_max_per_row":"","_EventAllDay":false,"_EventTimezone":"","_EventStartDate":"","_EventEndDate":"","_EventStartDateUTC":"","_EventEndDateUTC":"","_EventShowMap":false,"_EventShowMapLink":false,"_EventURL":"","_EventCost":"","_EventCostDescription":"","_EventCurrencySymbol":"","_EventCurrencyCode":"","_EventCurrencyPosition":"","_EventDateTimeSeparator":"","_EventTimeRangeSeparator":"","_EventOrganizerID":[],"_EventVenueID":[],"_OrganizerEmail":"","_OrganizerPhone":"","_OrganizerWebsite":"","_VenueAddress":"","_VenueCity":"","_VenueCountry":"","_VenueProvince":"","_VenueState":"","_VenueZip":"","_VenuePhone":"","_VenueURL":"","_VenueStateProvince":"","_VenueLat":"","_VenueLng":"","_VenueShowMap":false,"_VenueShowMapLink":false,"footnotes":""},"categories":[8],"tags":[153,636],"class_list":["post-5435","post","type-post","status-publish","format-standard","has-post-thumbnail","hentry","category-dessin","tag-dessin-a-la-plume","tag-dessin-de-formes"],"_links":{"self":[{"href":"https:\/\/www.irreel.ch\/blog\/wp-json\/wp\/v2\/posts\/5435","targetHints":{"allow":["GET"]}}],"collection":[{"href":"https:\/\/www.irreel.ch\/blog\/wp-json\/wp\/v2\/posts"}],"about":[{"href":"https:\/\/www.irreel.ch\/blog\/wp-json\/wp\/v2\/types\/post"}],"author":[{"embeddable":true,"href":"https:\/\/www.irreel.ch\/blog\/wp-json\/wp\/v2\/users\/191"}],"replies":[{"embeddable":true,"href":"https:\/\/www.irreel.ch\/blog\/wp-json\/wp\/v2\/comments?post=5435"}],"version-history":[{"count":1,"href":"https:\/\/www.irreel.ch\/blog\/wp-json\/wp\/v2\/posts\/5435\/revisions"}],"predecessor-version":[{"id":5437,"href":"https:\/\/www.irreel.ch\/blog\/wp-json\/wp\/v2\/posts\/5435\/revisions\/5437"}],"wp:featuredmedia":[{"embeddable":true,"href":"https:\/\/www.irreel.ch\/blog\/wp-json\/wp\/v2\/media\/5436"}],"wp:attachment":[{"href":"https:\/\/www.irreel.ch\/blog\/wp-json\/wp\/v2\/media?parent=5435"}],"wp:term":[{"taxonomy":"category","embeddable":true,"href":"https:\/\/www.irreel.ch\/blog\/wp-json\/wp\/v2\/categories?post=5435"},{"taxonomy":"post_tag","embeddable":true,"href":"https:\/\/www.irreel.ch\/blog\/wp-json\/wp\/v2\/tags?post=5435"}],"curies":[{"name":"wp","href":"https:\/\/api.w.org\/{rel}","templated":true}]}}