{"id":5432,"date":"2019-03-08T08:01:46","date_gmt":"2019-03-08T06:01:46","guid":{"rendered":"http:\/\/www.irreel.ch\/blog\/?p=5432"},"modified":"2019-03-08T10:24:17","modified_gmt":"2019-03-08T08:24:17","slug":"dessin-formes-habitat-dans-le-sable","status":"publish","type":"post","link":"https:\/\/www.irreel.ch\/blog\/dessin-formes-habitat-dans-le-sable\/","title":{"rendered":"Dessin \/ formes \/ habitat dans le sable"},"content":{"rendered":"\n<figure class=\"wp-block-image\"><a href=\"http:\/\/www.irreel.ch\/blog\/wp-content\/uploads\/habitat-sable_Fotor.jpg\"><img loading=\"lazy\" decoding=\"async\" width=\"600\" height=\"427\" src=\"http:\/\/www.irreel.ch\/blog\/wp-content\/uploads\/habitat-sable_Fotor.jpg\" alt=\"\" class=\"wp-image-5433\" srcset=\"https:\/\/www.irreel.ch\/blog\/wp-content\/uploads\/habitat-sable_Fotor.jpg 600w, https:\/\/www.irreel.ch\/blog\/wp-content\/uploads\/habitat-sable_Fotor-150x107.jpg 150w, https:\/\/www.irreel.ch\/blog\/wp-content\/uploads\/habitat-sable_Fotor-300x214.jpg 300w\" sizes=\"auto, (max-width: 600px) 100vw, 600px\" \/><\/a><figcaption>exploration arch\u00e9ologique, dans le sable<\/figcaption><\/figure>\n\n\n\n<p>Habitat ancien dans le sable, dessin \u00e0 la plume.<\/p>\n\n\n\n<p><em>avanc\u00e9e dans l&rsquo;espace,<br>comme si le sol bougeait, air qui remplit les poumons,<\/em><em><br>frissons, rires des enfants, joie et \u00e9clats, le temps se sent \u00e0 la peau fr\u00e9missante, terre, comme un v\u00e9hicule dans l&rsquo;espace<br>gouttes, air vent, <\/em><em>tourbillons de lumi\u00e8re<\/em><\/p>\n","protected":false},"excerpt":{"rendered":"<p>Habitat ancien dans le sable, dessin \u00e0 la plume. avanc\u00e9e dans l&rsquo;espace,comme si le sol bougeait, air qui remplit les poumons,frissons, rires des enfants, joie et \u00e9clats, le temps se sent \u00e0 la peau&#46;&#46;&#46;<\/p>\n","protected":false},"author":191,"featured_media":5433,"comment_status":"closed","ping_status":"closed","sticky":false,"template":"","format":"standard","meta":{"sfsi_plus_gutenberg_text_before_share":"","sfsi_plus_gutenberg_show_text_before_share":"","sfsi_plus_gutenberg_icon_type":"","sfsi_plus_gutenberg_icon_alignemt":"","sfsi_plus_gutenburg_max_per_row":"","_EventAllDay":false,"_EventTimezone":"","_EventStartDate":"","_EventEndDate":"","_EventStartDateUTC":"","_EventEndDateUTC":"","_EventShowMap":false,"_EventShowMapLink":false,"_EventURL":"","_EventCost":"","_EventCostDescription":"","_EventCurrencySymbol":"","_EventCurrencyCode":"","_EventCurrencyPosition":"","_EventDateTimeSeparator":"","_EventTimeRangeSeparator":"","_EventOrganizerID":[],"_EventVenueID":[],"_OrganizerEmail":"","_OrganizerPhone":"","_OrganizerWebsite":"","_VenueAddress":"","_VenueCity":"","_VenueCountry":"","_VenueProvince":"","_VenueState":"","_VenueZip":"","_VenuePhone":"","_VenueURL":"","_VenueStateProvince":"","_VenueLat":"","_VenueLng":"","_VenueShowMap":false,"_VenueShowMapLink":false,"footnotes":""},"categories":[8],"tags":[153,631,636,427,638],"class_list":["post-5432","post","type-post","status-publish","format-standard","has-post-thumbnail","hentry","category-dessin","tag-dessin-a-la-plume","tag-dessin-darchitecture","tag-dessin-de-formes","tag-maison","tag-sable"],"_links":{"self":[{"href":"https:\/\/www.irreel.ch\/blog\/wp-json\/wp\/v2\/posts\/5432","targetHints":{"allow":["GET"]}}],"collection":[{"href":"https:\/\/www.irreel.ch\/blog\/wp-json\/wp\/v2\/posts"}],"about":[{"href":"https:\/\/www.irreel.ch\/blog\/wp-json\/wp\/v2\/types\/post"}],"author":[{"embeddable":true,"href":"https:\/\/www.irreel.ch\/blog\/wp-json\/wp\/v2\/users\/191"}],"replies":[{"embeddable":true,"href":"https:\/\/www.irreel.ch\/blog\/wp-json\/wp\/v2\/comments?post=5432"}],"version-history":[{"count":1,"href":"https:\/\/www.irreel.ch\/blog\/wp-json\/wp\/v2\/posts\/5432\/revisions"}],"predecessor-version":[{"id":5434,"href":"https:\/\/www.irreel.ch\/blog\/wp-json\/wp\/v2\/posts\/5432\/revisions\/5434"}],"wp:featuredmedia":[{"embeddable":true,"href":"https:\/\/www.irreel.ch\/blog\/wp-json\/wp\/v2\/media\/5433"}],"wp:attachment":[{"href":"https:\/\/www.irreel.ch\/blog\/wp-json\/wp\/v2\/media?parent=5432"}],"wp:term":[{"taxonomy":"category","embeddable":true,"href":"https:\/\/www.irreel.ch\/blog\/wp-json\/wp\/v2\/categories?post=5432"},{"taxonomy":"post_tag","embeddable":true,"href":"https:\/\/www.irreel.ch\/blog\/wp-json\/wp\/v2\/tags?post=5432"}],"curies":[{"name":"wp","href":"https:\/\/api.w.org\/{rel}","templated":true}]}}