{"id":5376,"date":"2019-03-07T18:20:33","date_gmt":"2019-03-07T16:20:33","guid":{"rendered":"http:\/\/www.irreel.ch\/blog\/?p=5376"},"modified":"2022-12-20T16:20:42","modified_gmt":"2022-12-20T15:20:42","slug":"orange-washington-navel","status":"publish","type":"post","link":"https:\/\/www.irreel.ch\/blog\/orange-washington-navel\/","title":{"rendered":"Orange Washington Navel"},"content":{"rendered":"\n<figure class=\"wp-block-image\"><a href=\"http:\/\/www.irreel.ch\/blog\/wp-content\/uploads\/orange-washington-Fotor.jpg\"><img loading=\"lazy\" decoding=\"async\" width=\"1024\" height=\"768\" src=\"http:\/\/www.irreel.ch\/blog\/wp-content\/uploads\/orange-washington-Fotor-1024x768.jpg\" alt=\"\" class=\"wp-image-5377\" srcset=\"https:\/\/www.irreel.ch\/blog\/wp-content\/uploads\/orange-washington-Fotor-1024x768.jpg 1024w, https:\/\/www.irreel.ch\/blog\/wp-content\/uploads\/orange-washington-Fotor-150x113.jpg 150w, https:\/\/www.irreel.ch\/blog\/wp-content\/uploads\/orange-washington-Fotor-300x225.jpg 300w, https:\/\/www.irreel.ch\/blog\/wp-content\/uploads\/orange-washington-Fotor-768x576.jpg 768w, https:\/\/www.irreel.ch\/blog\/wp-content\/uploads\/orange-washington-Fotor.jpg 1400w\" sizes=\"auto, (max-width: 1024px) 100vw, 1024px\" \/><\/a><figcaption class=\"wp-element-caption\">Orange \u00e0 d\u00e9guster dans son jardin en mars, fruit de l&rsquo;orangerie.<\/figcaption><\/figure>\n\n\n\n<p>Orange, de vari\u00e9t\u00e9&nbsp;Washington Navel,&nbsp;citrus sinensis.<\/p>\n\n\n\n<p>Fruit cueilli dans l&rsquo;orangerie le jeudi 7 mars 2019 \u00e0 17 h 10, arbre en pleine terre, merveille de couleur et de saveur. Fruit savoureux et doux et juteux.<\/p>\n","protected":false},"excerpt":{"rendered":"<p>Orange, de vari\u00e9t\u00e9&nbsp;Washington Navel,&nbsp;citrus sinensis. Fruit cueilli dans l&rsquo;orangerie le jeudi 7 mars 2019 \u00e0 17 h 10, arbre en pleine terre, merveille de couleur et de saveur. Fruit savoureux et doux et juteux.<\/p>\n","protected":false},"author":191,"featured_media":5377,"comment_status":"open","ping_status":"closed","sticky":false,"template":"","format":"standard","meta":{"sfsi_plus_gutenberg_text_before_share":"","sfsi_plus_gutenberg_show_text_before_share":"","sfsi_plus_gutenberg_icon_type":"","sfsi_plus_gutenberg_icon_alignemt":"","sfsi_plus_gutenburg_max_per_row":"","_EventAllDay":false,"_EventTimezone":"","_EventStartDate":"","_EventEndDate":"","_EventStartDateUTC":"","_EventEndDateUTC":"","_EventShowMap":false,"_EventShowMapLink":false,"_EventURL":"","_EventCost":"","_EventCostDescription":"","_EventCurrencySymbol":"","_EventCurrencyCode":"","_EventCurrencyPosition":"","_EventDateTimeSeparator":"","_EventTimeRangeSeparator":"","_EventOrganizerID":[],"_EventVenueID":[],"_OrganizerEmail":"","_OrganizerPhone":"","_OrganizerWebsite":"","_VenueAddress":"","_VenueCity":"","_VenueCountry":"","_VenueProvince":"","_VenueState":"","_VenueZip":"","_VenuePhone":"","_VenueURL":"","_VenueStateProvince":"","_VenueLat":"","_VenueLng":"","_VenueShowMap":false,"_VenueShowMapLink":false,"footnotes":""},"categories":[37],"tags":[504,398,150],"class_list":["post-5376","post","type-post","status-publish","format-standard","has-post-thumbnail","hentry","category-fruit-jardin","tag-agrume","tag-fruit-de-mars","tag-orange"],"_links":{"self":[{"href":"https:\/\/www.irreel.ch\/blog\/wp-json\/wp\/v2\/posts\/5376","targetHints":{"allow":["GET"]}}],"collection":[{"href":"https:\/\/www.irreel.ch\/blog\/wp-json\/wp\/v2\/posts"}],"about":[{"href":"https:\/\/www.irreel.ch\/blog\/wp-json\/wp\/v2\/types\/post"}],"author":[{"embeddable":true,"href":"https:\/\/www.irreel.ch\/blog\/wp-json\/wp\/v2\/users\/191"}],"replies":[{"embeddable":true,"href":"https:\/\/www.irreel.ch\/blog\/wp-json\/wp\/v2\/comments?post=5376"}],"version-history":[{"count":2,"href":"https:\/\/www.irreel.ch\/blog\/wp-json\/wp\/v2\/posts\/5376\/revisions"}],"predecessor-version":[{"id":6899,"href":"https:\/\/www.irreel.ch\/blog\/wp-json\/wp\/v2\/posts\/5376\/revisions\/6899"}],"wp:featuredmedia":[{"embeddable":true,"href":"https:\/\/www.irreel.ch\/blog\/wp-json\/wp\/v2\/media\/5377"}],"wp:attachment":[{"href":"https:\/\/www.irreel.ch\/blog\/wp-json\/wp\/v2\/media?parent=5376"}],"wp:term":[{"taxonomy":"category","embeddable":true,"href":"https:\/\/www.irreel.ch\/blog\/wp-json\/wp\/v2\/categories?post=5376"},{"taxonomy":"post_tag","embeddable":true,"href":"https:\/\/www.irreel.ch\/blog\/wp-json\/wp\/v2\/tags?post=5376"}],"curies":[{"name":"wp","href":"https:\/\/api.w.org\/{rel}","templated":true}]}}