{"id":5373,"date":"2019-03-07T17:28:32","date_gmt":"2019-03-07T15:28:32","guid":{"rendered":"http:\/\/www.irreel.ch\/blog\/?p=5373"},"modified":"2022-12-21T11:54:39","modified_gmt":"2022-12-21T10:54:39","slug":"dessins-de-vegetaux","status":"publish","type":"post","link":"https:\/\/www.irreel.ch\/blog\/dessins-de-vegetaux\/","title":{"rendered":"a \/ Dessins de v\u00e9g\u00e9taux"},"content":{"rendered":"\n<figure class=\"wp-block-image\"><img loading=\"lazy\" decoding=\"async\" width=\"1024\" height=\"352\" src=\"http:\/\/www.irreel.ch\/blog\/wp-content\/uploads\/dessins-vegetaux-1024x352.jpg\" alt=\"\" class=\"wp-image-5374\" srcset=\"https:\/\/www.irreel.ch\/blog\/wp-content\/uploads\/dessins-vegetaux-1024x352.jpg 1024w, https:\/\/www.irreel.ch\/blog\/wp-content\/uploads\/dessins-vegetaux-150x52.jpg 150w, https:\/\/www.irreel.ch\/blog\/wp-content\/uploads\/dessins-vegetaux-300x103.jpg 300w, https:\/\/www.irreel.ch\/blog\/wp-content\/uploads\/dessins-vegetaux-768x264.jpg 768w, https:\/\/www.irreel.ch\/blog\/wp-content\/uploads\/dessins-vegetaux.jpg 1200w\" sizes=\"auto, (max-width: 1024px) 100vw, 1024px\" \/><\/figure>\n\n\n\n<figure class=\"wp-block-image\"><img loading=\"lazy\" decoding=\"async\" width=\"300\" height=\"212\" src=\"http:\/\/www.irreel.ch\/blog\/wp-content\/uploads\/le-sous-bois-1-300x212.jpg\" alt=\"\" class=\"wp-image-5250\" srcset=\"https:\/\/www.irreel.ch\/blog\/wp-content\/uploads\/le-sous-bois-1-300x212.jpg 300w, https:\/\/www.irreel.ch\/blog\/wp-content\/uploads\/le-sous-bois-1-150x106.jpg 150w, https:\/\/www.irreel.ch\/blog\/wp-content\/uploads\/le-sous-bois-1-768x542.jpg 768w, https:\/\/www.irreel.ch\/blog\/wp-content\/uploads\/le-sous-bois-1-1024x722.jpg 1024w, https:\/\/www.irreel.ch\/blog\/wp-content\/uploads\/le-sous-bois-1.jpg 1059w\" sizes=\"auto, (max-width: 300px) 100vw, 300px\" \/><figcaption class=\"wp-element-caption\">Etudes v\u00e9g\u00e9tales<\/figcaption><\/figure>\n\n\n\n<p>Dessins, \u00e9tudes de v\u00e9g\u00e9taux de toutes sortes, au crayon ou \u00e0 la plume, en plein air, d\u2019apr\u00e8s nature : <a href=\"https:\/\/www.irreel.ch\/blog\/tag\/dessin-de-vegetaux\/\">https:\/\/www.irreel.ch\/blog\/tag\/dessin-de-vegetaux\/<\/a><\/p>\n","protected":false},"excerpt":{"rendered":"<p>Dessins, \u00e9tudes de v\u00e9g\u00e9taux de toutes sortes, au crayon ou \u00e0 la plume, en plein air, d\u2019apr\u00e8s nature : https:\/\/www.irreel.ch\/blog\/tag\/dessin-de-vegetaux\/<\/p>\n","protected":false},"author":191,"featured_media":5374,"comment_status":"open","ping_status":"closed","sticky":false,"template":"","format":"standard","meta":{"sfsi_plus_gutenberg_text_before_share":"","sfsi_plus_gutenberg_show_text_before_share":"","sfsi_plus_gutenberg_icon_type":"","sfsi_plus_gutenberg_icon_alignemt":"","sfsi_plus_gutenburg_max_per_row":"","_EventAllDay":false,"_EventTimezone":"","_EventStartDate":"","_EventEndDate":"","_EventStartDateUTC":"","_EventEndDateUTC":"","_EventShowMap":false,"_EventShowMapLink":false,"_EventURL":"","_EventCost":"","_EventCostDescription":"","_EventCurrencySymbol":"","_EventCurrencyCode":"","_EventCurrencyPosition":"","_EventDateTimeSeparator":"","_EventTimeRangeSeparator":"","_EventOrganizerID":[],"_EventVenueID":[],"_OrganizerEmail":"","_OrganizerPhone":"","_OrganizerWebsite":"","_VenueAddress":"","_VenueCity":"","_VenueCountry":"","_VenueProvince":"","_VenueState":"","_VenueZip":"","_VenuePhone":"","_VenueURL":"","_VenueStateProvince":"","_VenueLat":"","_VenueLng":"","_VenueShowMap":false,"_VenueShowMapLink":false,"footnotes":""},"categories":[27,8],"tags":[520,443],"class_list":["post-5373","post","type-post","status-publish","format-standard","has-post-thumbnail","hentry","category-arbres","category-dessin","tag-arbres","tag-dessin-de-vegetaux"],"_links":{"self":[{"href":"https:\/\/www.irreel.ch\/blog\/wp-json\/wp\/v2\/posts\/5373","targetHints":{"allow":["GET"]}}],"collection":[{"href":"https:\/\/www.irreel.ch\/blog\/wp-json\/wp\/v2\/posts"}],"about":[{"href":"https:\/\/www.irreel.ch\/blog\/wp-json\/wp\/v2\/types\/post"}],"author":[{"embeddable":true,"href":"https:\/\/www.irreel.ch\/blog\/wp-json\/wp\/v2\/users\/191"}],"replies":[{"embeddable":true,"href":"https:\/\/www.irreel.ch\/blog\/wp-json\/wp\/v2\/comments?post=5373"}],"version-history":[{"count":3,"href":"https:\/\/www.irreel.ch\/blog\/wp-json\/wp\/v2\/posts\/5373\/revisions"}],"predecessor-version":[{"id":6932,"href":"https:\/\/www.irreel.ch\/blog\/wp-json\/wp\/v2\/posts\/5373\/revisions\/6932"}],"wp:featuredmedia":[{"embeddable":true,"href":"https:\/\/www.irreel.ch\/blog\/wp-json\/wp\/v2\/media\/5374"}],"wp:attachment":[{"href":"https:\/\/www.irreel.ch\/blog\/wp-json\/wp\/v2\/media?parent=5373"}],"wp:term":[{"taxonomy":"category","embeddable":true,"href":"https:\/\/www.irreel.ch\/blog\/wp-json\/wp\/v2\/categories?post=5373"},{"taxonomy":"post_tag","embeddable":true,"href":"https:\/\/www.irreel.ch\/blog\/wp-json\/wp\/v2\/tags?post=5373"}],"curies":[{"name":"wp","href":"https:\/\/api.w.org\/{rel}","templated":true}]}}