{"id":5349,"date":"2019-03-07T07:44:05","date_gmt":"2019-03-07T05:44:05","guid":{"rendered":"http:\/\/www.irreel.ch\/blog\/?p=5349"},"modified":"2022-12-20T14:14:18","modified_gmt":"2022-12-20T13:14:18","slug":"dessin-plume-artichaut","status":"publish","type":"post","link":"https:\/\/www.irreel.ch\/blog\/dessin-plume-artichaut\/","title":{"rendered":"Dessin \/ plume \/ artichaut"},"content":{"rendered":"\n<figure class=\"wp-block-image\"><a href=\"http:\/\/www.irreel.ch\/blog\/wp-content\/uploads\/fleur-artichaud.jpg\"><img loading=\"lazy\" decoding=\"async\" width=\"740\" height=\"981\" src=\"http:\/\/www.irreel.ch\/blog\/wp-content\/uploads\/fleur-artichaud.jpg\" alt=\"\" class=\"wp-image-5350\" srcset=\"https:\/\/www.irreel.ch\/blog\/wp-content\/uploads\/fleur-artichaud.jpg 740w, https:\/\/www.irreel.ch\/blog\/wp-content\/uploads\/fleur-artichaud-113x150.jpg 113w, https:\/\/www.irreel.ch\/blog\/wp-content\/uploads\/fleur-artichaud-226x300.jpg 226w\" sizes=\"auto, (max-width: 740px) 100vw, 740px\" \/><\/a><figcaption class=\"wp-element-caption\">Envol de l&rsquo;\u00eatre dans l&rsquo;espace<\/figcaption><\/figure>\n\n\n\n<p>Fleur d&rsquo;artichaut, Sardaigne, 1982, dessin \u00e0 la plume.<\/p>\n\n\n\n<p>Dessins, \u00e9tudes de v\u00e9g\u00e9taux de toutes sortes, au crayon ou \u00e0 la plume, en plein air, d&rsquo;apr\u00e8s nature.<\/p>\n","protected":false},"excerpt":{"rendered":"<p>Fleur d&rsquo;artichaut, Sardaigne, 1982, dessin \u00e0 la plume. Dessins, \u00e9tudes de v\u00e9g\u00e9taux de toutes sortes, au crayon ou \u00e0 la plume, en plein air, d&rsquo;apr\u00e8s nature.<\/p>\n","protected":false},"author":191,"featured_media":5350,"comment_status":"open","ping_status":"closed","sticky":false,"template":"","format":"standard","meta":{"sfsi_plus_gutenberg_text_before_share":"","sfsi_plus_gutenberg_show_text_before_share":"","sfsi_plus_gutenberg_icon_type":"","sfsi_plus_gutenberg_icon_alignemt":"","sfsi_plus_gutenburg_max_per_row":"","_EventAllDay":false,"_EventTimezone":"","_EventStartDate":"","_EventEndDate":"","_EventStartDateUTC":"","_EventEndDateUTC":"","_EventShowMap":false,"_EventShowMapLink":false,"_EventURL":"","_EventCost":"","_EventCostDescription":"","_EventCurrencySymbol":"","_EventCurrencyCode":"","_EventCurrencyPosition":"","_EventDateTimeSeparator":"","_EventTimeRangeSeparator":"","_EventOrganizerID":[],"_EventVenueID":[],"_OrganizerEmail":"","_OrganizerPhone":"","_OrganizerWebsite":"","_VenueAddress":"","_VenueCity":"","_VenueCountry":"","_VenueProvince":"","_VenueState":"","_VenueZip":"","_VenuePhone":"","_VenueURL":"","_VenueStateProvince":"","_VenueLat":"","_VenueLng":"","_VenueShowMap":false,"_VenueShowMapLink":false,"footnotes":""},"categories":[8,21],"tags":[153,443,384],"class_list":["post-5349","post","type-post","status-publish","format-standard","has-post-thumbnail","hentry","category-dessin","category-fleurs","tag-dessin-a-la-plume","tag-dessin-de-vegetaux","tag-fleur"],"_links":{"self":[{"href":"https:\/\/www.irreel.ch\/blog\/wp-json\/wp\/v2\/posts\/5349","targetHints":{"allow":["GET"]}}],"collection":[{"href":"https:\/\/www.irreel.ch\/blog\/wp-json\/wp\/v2\/posts"}],"about":[{"href":"https:\/\/www.irreel.ch\/blog\/wp-json\/wp\/v2\/types\/post"}],"author":[{"embeddable":true,"href":"https:\/\/www.irreel.ch\/blog\/wp-json\/wp\/v2\/users\/191"}],"replies":[{"embeddable":true,"href":"https:\/\/www.irreel.ch\/blog\/wp-json\/wp\/v2\/comments?post=5349"}],"version-history":[{"count":2,"href":"https:\/\/www.irreel.ch\/blog\/wp-json\/wp\/v2\/posts\/5349\/revisions"}],"predecessor-version":[{"id":6894,"href":"https:\/\/www.irreel.ch\/blog\/wp-json\/wp\/v2\/posts\/5349\/revisions\/6894"}],"wp:featuredmedia":[{"embeddable":true,"href":"https:\/\/www.irreel.ch\/blog\/wp-json\/wp\/v2\/media\/5350"}],"wp:attachment":[{"href":"https:\/\/www.irreel.ch\/blog\/wp-json\/wp\/v2\/media?parent=5349"}],"wp:term":[{"taxonomy":"category","embeddable":true,"href":"https:\/\/www.irreel.ch\/blog\/wp-json\/wp\/v2\/categories?post=5349"},{"taxonomy":"post_tag","embeddable":true,"href":"https:\/\/www.irreel.ch\/blog\/wp-json\/wp\/v2\/tags?post=5349"}],"curies":[{"name":"wp","href":"https:\/\/api.w.org\/{rel}","templated":true}]}}