{"id":5256,"date":"2019-03-06T16:59:32","date_gmt":"2019-03-06T14:59:32","guid":{"rendered":"http:\/\/www.irreel.ch\/blog\/?p=5256"},"modified":"2022-12-21T18:52:26","modified_gmt":"2022-12-21T17:52:26","slug":"lime-de-perse","status":"publish","type":"post","link":"https:\/\/www.irreel.ch\/blog\/lime-de-perse\/","title":{"rendered":"Lime de Perse"},"content":{"rendered":"\n<figure class=\"wp-block-image\"><a href=\"http:\/\/www.irreel.ch\/blog\/wp-content\/uploads\/lime-de-perse_Fotor.jpg\"><img loading=\"lazy\" decoding=\"async\" width=\"1400\" height=\"1028\" src=\"http:\/\/www.irreel.ch\/blog\/wp-content\/uploads\/lime-de-perse_Fotor.jpg\" alt=\"\" class=\"wp-image-5257\" srcset=\"https:\/\/www.irreel.ch\/blog\/wp-content\/uploads\/lime-de-perse_Fotor.jpg 1400w, https:\/\/www.irreel.ch\/blog\/wp-content\/uploads\/lime-de-perse_Fotor-150x110.jpg 150w, https:\/\/www.irreel.ch\/blog\/wp-content\/uploads\/lime-de-perse_Fotor-300x220.jpg 300w, https:\/\/www.irreel.ch\/blog\/wp-content\/uploads\/lime-de-perse_Fotor-768x564.jpg 768w, https:\/\/www.irreel.ch\/blog\/wp-content\/uploads\/lime-de-perse_Fotor-1024x752.jpg 1024w\" sizes=\"auto, (max-width: 1400px) 100vw, 1400px\" \/><\/a><figcaption class=\"wp-element-caption\">Fruit de la lime de Perse<\/figcaption><\/figure>\n\n\n\n<p>Citron :&nbsp;lime de Perse variegata,&nbsp;citrus aurantifolia, fruit jaune et tr\u00e8s parfum\u00e9, ici avec une feuille vari\u00e9e, avec des lignes blanches.<\/p>\n\n\n\n<p>Cueilli dans le jardin le mercredi 6 mars 2019 \u00e0 15 h 45, plante en pot, hivern\u00e9 dans l&rsquo;orangerie.<\/p>\n","protected":false},"excerpt":{"rendered":"<p>Citron :&nbsp;lime de Perse variegata,&nbsp;citrus aurantifolia, fruit jaune et tr\u00e8s parfum\u00e9, ici avec une feuille vari\u00e9e, avec des lignes blanches. Cueilli dans le jardin le mercredi 6 mars 2019 \u00e0 15 h 45, plante&#46;&#46;&#46;<\/p>\n","protected":false},"author":191,"featured_media":5257,"comment_status":"open","ping_status":"closed","sticky":false,"template":"","format":"standard","meta":{"sfsi_plus_gutenberg_text_before_share":"","sfsi_plus_gutenberg_show_text_before_share":"","sfsi_plus_gutenberg_icon_type":"","sfsi_plus_gutenberg_icon_alignemt":"","sfsi_plus_gutenburg_max_per_row":"","_EventAllDay":false,"_EventTimezone":"","_EventStartDate":"","_EventEndDate":"","_EventStartDateUTC":"","_EventEndDateUTC":"","_EventShowMap":false,"_EventShowMapLink":false,"_EventURL":"","_EventCost":"","_EventCostDescription":"","_EventCurrencySymbol":"","_EventCurrencyCode":"","_EventCurrencyPosition":"","_EventDateTimeSeparator":"","_EventTimeRangeSeparator":"","_EventOrganizerID":[],"_EventVenueID":[],"_OrganizerEmail":"","_OrganizerPhone":"","_OrganizerWebsite":"","_VenueAddress":"","_VenueCity":"","_VenueCountry":"","_VenueProvince":"","_VenueState":"","_VenueZip":"","_VenuePhone":"","_VenueURL":"","_VenueStateProvince":"","_VenueLat":"","_VenueLng":"","_VenueShowMap":false,"_VenueShowMapLink":false,"footnotes":""},"categories":[37],"tags":[504,147,398,98,628],"class_list":["post-5256","post","type-post","status-publish","format-standard","has-post-thumbnail","hentry","category-fruit-jardin","tag-agrume","tag-citron","tag-fruit-de-mars","tag-jaune","tag-lime"],"_links":{"self":[{"href":"https:\/\/www.irreel.ch\/blog\/wp-json\/wp\/v2\/posts\/5256","targetHints":{"allow":["GET"]}}],"collection":[{"href":"https:\/\/www.irreel.ch\/blog\/wp-json\/wp\/v2\/posts"}],"about":[{"href":"https:\/\/www.irreel.ch\/blog\/wp-json\/wp\/v2\/types\/post"}],"author":[{"embeddable":true,"href":"https:\/\/www.irreel.ch\/blog\/wp-json\/wp\/v2\/users\/191"}],"replies":[{"embeddable":true,"href":"https:\/\/www.irreel.ch\/blog\/wp-json\/wp\/v2\/comments?post=5256"}],"version-history":[{"count":3,"href":"https:\/\/www.irreel.ch\/blog\/wp-json\/wp\/v2\/posts\/5256\/revisions"}],"predecessor-version":[{"id":6941,"href":"https:\/\/www.irreel.ch\/blog\/wp-json\/wp\/v2\/posts\/5256\/revisions\/6941"}],"wp:featuredmedia":[{"embeddable":true,"href":"https:\/\/www.irreel.ch\/blog\/wp-json\/wp\/v2\/media\/5257"}],"wp:attachment":[{"href":"https:\/\/www.irreel.ch\/blog\/wp-json\/wp\/v2\/media?parent=5256"}],"wp:term":[{"taxonomy":"category","embeddable":true,"href":"https:\/\/www.irreel.ch\/blog\/wp-json\/wp\/v2\/categories?post=5256"},{"taxonomy":"post_tag","embeddable":true,"href":"https:\/\/www.irreel.ch\/blog\/wp-json\/wp\/v2\/tags?post=5256"}],"curies":[{"name":"wp","href":"https:\/\/api.w.org\/{rel}","templated":true}]}}