{"id":5218,"date":"2019-03-05T15:44:20","date_gmt":"2019-03-05T13:44:20","guid":{"rendered":"http:\/\/www.irreel.ch\/blog\/?p=5218"},"modified":"2022-12-20T16:21:21","modified_gmt":"2022-12-20T15:21:21","slug":"kumquat-mini-sauvage","status":"publish","type":"post","link":"https:\/\/www.irreel.ch\/blog\/kumquat-mini-sauvage\/","title":{"rendered":"Kumquat mini sauvage"},"content":{"rendered":"\n<figure class=\"wp-block-image\"><a href=\"http:\/\/www.irreel.ch\/blog\/wp-content\/uploads\/kumquat-sauvage_Fotor.jpg\"><img loading=\"lazy\" decoding=\"async\" width=\"1024\" height=\"702\" src=\"http:\/\/www.irreel.ch\/blog\/wp-content\/uploads\/kumquat-sauvage_Fotor-1024x702.jpg\" alt=\"\" class=\"wp-image-5219\" srcset=\"https:\/\/www.irreel.ch\/blog\/wp-content\/uploads\/kumquat-sauvage_Fotor-1024x702.jpg 1024w, https:\/\/www.irreel.ch\/blog\/wp-content\/uploads\/kumquat-sauvage_Fotor-150x103.jpg 150w, https:\/\/www.irreel.ch\/blog\/wp-content\/uploads\/kumquat-sauvage_Fotor-300x206.jpg 300w, https:\/\/www.irreel.ch\/blog\/wp-content\/uploads\/kumquat-sauvage_Fotor-768x527.jpg 768w, https:\/\/www.irreel.ch\/blog\/wp-content\/uploads\/kumquat-sauvage_Fotor.jpg 1200w\" sizes=\"auto, (max-width: 1024px) 100vw, 1024px\" \/><\/a><figcaption class=\"wp-element-caption\">Petit d\u00e9lice \u00e0 la saveur un peu surprenante<\/figcaption><\/figure>\n\n\n\n<p>Kumquat&nbsp;mini sauvage de Chine \u00e0 petit fruit,&nbsp;fortunella hindsii. En pot, hivern\u00e9 dans l&rsquo;orangerie, sorti sur la terrasse d\u00e8s que la temp\u00e9rature redevient cl\u00e9mente.<\/p>\n\n\n\n<p>Petit juteux et doux \u00e0 la saveur surprenante des bois de Chine. Se mange entier, la peau \u00e9tant plus sucr\u00e9e que le jus. Fruit cueilli le mardi 5 mars 2019 \u00e0 14 h 32 sur la terrasse, en pot.<\/p>\n\n\n\n<p>On peut ainsi d\u00e9guster sur l\u2019arbuste tout au long de l\u2019ann\u00e9e de petits fruits d\u00e9licats.<\/p>\n\n\n\n<figure class=\"wp-block-image size-large\"><img loading=\"lazy\" decoding=\"async\" width=\"1024\" height=\"541\" src=\"https:\/\/www.irreel.ch\/blog\/wp-content\/uploads\/en-jardin-1024x541.jpg\" alt=\"\" class=\"wp-image-6539\" srcset=\"https:\/\/www.irreel.ch\/blog\/wp-content\/uploads\/en-jardin-1024x541.jpg 1024w, https:\/\/www.irreel.ch\/blog\/wp-content\/uploads\/en-jardin-300x159.jpg 300w, https:\/\/www.irreel.ch\/blog\/wp-content\/uploads\/en-jardin-150x79.jpg 150w, https:\/\/www.irreel.ch\/blog\/wp-content\/uploads\/en-jardin-768x406.jpg 768w, https:\/\/www.irreel.ch\/blog\/wp-content\/uploads\/en-jardin.jpg 1200w\" sizes=\"auto, (max-width: 1024px) 100vw, 1024px\" \/><figcaption class=\"wp-element-caption\">Cueillettes dans son jardin, avec les agrumes en pot ou en pleine terre dans la serre.<\/figcaption><\/figure>\n\n\n\n<p><\/p>\n","protected":false},"excerpt":{"rendered":"<p>Kumquat&nbsp;mini sauvage de Chine \u00e0 petit fruit,&nbsp;fortunella hindsii. En pot, hivern\u00e9 dans l&rsquo;orangerie, sorti sur la terrasse d\u00e8s que la temp\u00e9rature redevient cl\u00e9mente. Petit juteux et doux \u00e0 la saveur surprenante des bois de&#46;&#46;&#46;<\/p>\n","protected":false},"author":191,"featured_media":5219,"comment_status":"open","ping_status":"closed","sticky":false,"template":"","format":"standard","meta":{"sfsi_plus_gutenberg_text_before_share":"","sfsi_plus_gutenberg_show_text_before_share":"","sfsi_plus_gutenberg_icon_type":"","sfsi_plus_gutenberg_icon_alignemt":"","sfsi_plus_gutenburg_max_per_row":"","_EventAllDay":false,"_EventTimezone":"","_EventStartDate":"","_EventEndDate":"","_EventStartDateUTC":"","_EventEndDateUTC":"","_EventShowMap":false,"_EventShowMapLink":false,"_EventURL":"","_EventCost":"","_EventCostDescription":"","_EventCurrencySymbol":"","_EventCurrencyCode":"","_EventCurrencyPosition":"","_EventDateTimeSeparator":"","_EventTimeRangeSeparator":"","_EventOrganizerID":[],"_EventVenueID":[],"_OrganizerEmail":"","_OrganizerPhone":"","_OrganizerWebsite":"","_VenueAddress":"","_VenueCity":"","_VenueCountry":"","_VenueProvince":"","_VenueState":"","_VenueZip":"","_VenuePhone":"","_VenueURL":"","_VenueStateProvince":"","_VenueLat":"","_VenueLng":"","_VenueShowMap":false,"_VenueShowMapLink":false,"footnotes":""},"categories":[37],"tags":[504,398,104],"class_list":["post-5218","post","type-post","status-publish","format-standard","has-post-thumbnail","hentry","category-fruit-jardin","tag-agrume","tag-fruit-de-mars","tag-kumquat"],"_links":{"self":[{"href":"https:\/\/www.irreel.ch\/blog\/wp-json\/wp\/v2\/posts\/5218","targetHints":{"allow":["GET"]}}],"collection":[{"href":"https:\/\/www.irreel.ch\/blog\/wp-json\/wp\/v2\/posts"}],"about":[{"href":"https:\/\/www.irreel.ch\/blog\/wp-json\/wp\/v2\/types\/post"}],"author":[{"embeddable":true,"href":"https:\/\/www.irreel.ch\/blog\/wp-json\/wp\/v2\/users\/191"}],"replies":[{"embeddable":true,"href":"https:\/\/www.irreel.ch\/blog\/wp-json\/wp\/v2\/comments?post=5218"}],"version-history":[{"count":7,"href":"https:\/\/www.irreel.ch\/blog\/wp-json\/wp\/v2\/posts\/5218\/revisions"}],"predecessor-version":[{"id":6900,"href":"https:\/\/www.irreel.ch\/blog\/wp-json\/wp\/v2\/posts\/5218\/revisions\/6900"}],"wp:featuredmedia":[{"embeddable":true,"href":"https:\/\/www.irreel.ch\/blog\/wp-json\/wp\/v2\/media\/5219"}],"wp:attachment":[{"href":"https:\/\/www.irreel.ch\/blog\/wp-json\/wp\/v2\/media?parent=5218"}],"wp:term":[{"taxonomy":"category","embeddable":true,"href":"https:\/\/www.irreel.ch\/blog\/wp-json\/wp\/v2\/categories?post=5218"},{"taxonomy":"post_tag","embeddable":true,"href":"https:\/\/www.irreel.ch\/blog\/wp-json\/wp\/v2\/tags?post=5218"}],"curies":[{"name":"wp","href":"https:\/\/api.w.org\/{rel}","templated":true}]}}