{"id":4940,"date":"2019-03-04T07:07:22","date_gmt":"2019-03-04T05:07:22","guid":{"rendered":"http:\/\/www.irreel.ch\/blog\/?p=4940"},"modified":"2024-01-02T05:33:09","modified_gmt":"2024-01-02T04:33:09","slug":"raisin-de-framboise-blanc","status":"publish","type":"post","link":"https:\/\/www.irreel.ch\/blog\/raisin-de-framboise-blanc\/","title":{"rendered":"Raisin de frambois\u00e9 blanc"},"content":{"rendered":"\n<figure class=\"wp-block-image\"><a href=\"http:\/\/www.irreel.ch\/blog\/wp-content\/uploads\/framboise-blanc.jpg\"><img loading=\"lazy\" decoding=\"async\" width=\"1000\" height=\"750\" src=\"http:\/\/www.irreel.ch\/blog\/wp-content\/uploads\/framboise-blanc.jpg\" alt=\"\" class=\"wp-image-4941\" srcset=\"https:\/\/www.irreel.ch\/blog\/wp-content\/uploads\/framboise-blanc.jpg 1000w, https:\/\/www.irreel.ch\/blog\/wp-content\/uploads\/framboise-blanc-150x113.jpg 150w, https:\/\/www.irreel.ch\/blog\/wp-content\/uploads\/framboise-blanc-300x225.jpg 300w, https:\/\/www.irreel.ch\/blog\/wp-content\/uploads\/framboise-blanc-768x576.jpg 768w\" sizes=\"auto, (max-width: 1000px) 100vw, 1000px\" \/><\/a><figcaption class=\"wp-element-caption\">Fruit doux \u00e0 croquer en novembre ou octobre, m\u00eame avec l&rsquo;arriv\u00e9e des premi\u00e8res neiges<\/figcaption><\/figure>\n\n\n\n<p>Grappe de raisin de vari\u00e9t\u00e9 frambois\u00e9 tessinois blanc, Vitis vinifera.<\/p>\n\n\n\n<figure class=\"wp-block-image size-large\"><img loading=\"lazy\" decoding=\"async\" width=\"1024\" height=\"768\" src=\"https:\/\/www.irreel.ch\/blog\/wp-content\/uploads\/raisn-tessinois-blanc-2-1024x768.jpg\" alt=\"\" class=\"wp-image-7052\" srcset=\"https:\/\/www.irreel.ch\/blog\/wp-content\/uploads\/raisn-tessinois-blanc-2-1024x768.jpg 1024w, https:\/\/www.irreel.ch\/blog\/wp-content\/uploads\/raisn-tessinois-blanc-2-300x225.jpg 300w, https:\/\/www.irreel.ch\/blog\/wp-content\/uploads\/raisn-tessinois-blanc-2-150x113.jpg 150w, https:\/\/www.irreel.ch\/blog\/wp-content\/uploads\/raisn-tessinois-blanc-2-768x576.jpg 768w, https:\/\/www.irreel.ch\/blog\/wp-content\/uploads\/raisn-tessinois-blanc-2-1536x1152.jpg 1536w, https:\/\/www.irreel.ch\/blog\/wp-content\/uploads\/raisn-tessinois-blanc-2.jpg 1800w\" sizes=\"auto, (max-width: 1024px) 100vw, 1024px\" \/><\/figure>\n\n\n\n<p>Protection des grappes de raisin contre les oiseaux<\/p>\n","protected":false},"excerpt":{"rendered":"<p>Grappe de raisin de vari\u00e9t\u00e9 frambois\u00e9 tessinois blanc, Vitis vinifera. Protection des grappes de raisin contre les oiseaux<\/p>\n","protected":false},"author":191,"featured_media":7052,"comment_status":"open","ping_status":"closed","sticky":false,"template":"","format":"standard","meta":{"sfsi_plus_gutenberg_text_before_share":"","sfsi_plus_gutenberg_show_text_before_share":"","sfsi_plus_gutenberg_icon_type":"","sfsi_plus_gutenberg_icon_alignemt":"","sfsi_plus_gutenburg_max_per_row":"","_EventAllDay":false,"_EventTimezone":"","_EventStartDate":"","_EventEndDate":"","_EventStartDateUTC":"","_EventEndDateUTC":"","_EventShowMap":false,"_EventShowMapLink":false,"_EventURL":"","_EventCost":"","_EventCostDescription":"","_EventCurrencySymbol":"","_EventCurrencyCode":"","_EventCurrencyPosition":"","_EventDateTimeSeparator":"","_EventTimeRangeSeparator":"","_EventOrganizerID":[],"_EventVenueID":[],"_OrganizerEmail":"","_OrganizerPhone":"","_OrganizerWebsite":"","_VenueAddress":"","_VenueCity":"","_VenueCountry":"","_VenueProvince":"","_VenueState":"","_VenueZip":"","_VenuePhone":"","_VenueURL":"","_VenueStateProvince":"","_VenueLat":"","_VenueLng":"","_VenueShowMap":false,"_VenueShowMapLink":false,"footnotes":""},"categories":[37],"tags":[155,400,33],"class_list":["post-4940","post","type-post","status-publish","format-standard","has-post-thumbnail","hentry","category-fruit-jardin","tag-fruit-doctobre","tag-fruit-de-novembre","tag-raisin"],"_links":{"self":[{"href":"https:\/\/www.irreel.ch\/blog\/wp-json\/wp\/v2\/posts\/4940","targetHints":{"allow":["GET"]}}],"collection":[{"href":"https:\/\/www.irreel.ch\/blog\/wp-json\/wp\/v2\/posts"}],"about":[{"href":"https:\/\/www.irreel.ch\/blog\/wp-json\/wp\/v2\/types\/post"}],"author":[{"embeddable":true,"href":"https:\/\/www.irreel.ch\/blog\/wp-json\/wp\/v2\/users\/191"}],"replies":[{"embeddable":true,"href":"https:\/\/www.irreel.ch\/blog\/wp-json\/wp\/v2\/comments?post=4940"}],"version-history":[{"count":4,"href":"https:\/\/www.irreel.ch\/blog\/wp-json\/wp\/v2\/posts\/4940\/revisions"}],"predecessor-version":[{"id":7068,"href":"https:\/\/www.irreel.ch\/blog\/wp-json\/wp\/v2\/posts\/4940\/revisions\/7068"}],"wp:featuredmedia":[{"embeddable":true,"href":"https:\/\/www.irreel.ch\/blog\/wp-json\/wp\/v2\/media\/7052"}],"wp:attachment":[{"href":"https:\/\/www.irreel.ch\/blog\/wp-json\/wp\/v2\/media?parent=4940"}],"wp:term":[{"taxonomy":"category","embeddable":true,"href":"https:\/\/www.irreel.ch\/blog\/wp-json\/wp\/v2\/categories?post=4940"},{"taxonomy":"post_tag","embeddable":true,"href":"https:\/\/www.irreel.ch\/blog\/wp-json\/wp\/v2\/tags?post=4940"}],"curies":[{"name":"wp","href":"https:\/\/api.w.org\/{rel}","templated":true}]}}