{"id":4927,"date":"2019-03-04T06:34:23","date_gmt":"2019-03-04T04:34:23","guid":{"rendered":"http:\/\/www.irreel.ch\/blog\/?p=4927"},"modified":"2019-03-04T12:04:45","modified_gmt":"2019-03-04T10:04:45","slug":"fleurs-de-sureau","status":"publish","type":"post","link":"https:\/\/www.irreel.ch\/blog\/fleurs-de-sureau\/","title":{"rendered":"Sureau, fleurs et feuilles"},"content":{"rendered":"\n<figure class=\"wp-block-image\"><a href=\"http:\/\/www.irreel.ch\/blog\/wp-content\/uploads\/fleurs-sureau.jpg\"><img loading=\"lazy\" decoding=\"async\" width=\"1000\" height=\"748\" src=\"http:\/\/www.irreel.ch\/blog\/wp-content\/uploads\/fleurs-sureau.jpg\" alt=\"\" class=\"wp-image-4928\" srcset=\"https:\/\/www.irreel.ch\/blog\/wp-content\/uploads\/fleurs-sureau.jpg 1000w, https:\/\/www.irreel.ch\/blog\/wp-content\/uploads\/fleurs-sureau-150x112.jpg 150w, https:\/\/www.irreel.ch\/blog\/wp-content\/uploads\/fleurs-sureau-300x224.jpg 300w, https:\/\/www.irreel.ch\/blog\/wp-content\/uploads\/fleurs-sureau-768x574.jpg 768w\" sizes=\"auto, (max-width: 1000px) 100vw, 1000px\" \/><\/a><figcaption>Fleurs d\u00e9licieuses tr\u00e8s parfum\u00e9es, le plaisir de mettre le nez dedans!<\/figcaption><\/figure>\n\n\n\n<p>Fleurs de sureau, Sambucus nigra. Fleurs blanches tardives de juin.<\/p>\n","protected":false},"excerpt":{"rendered":"<p>Fleurs de sureau, Sambucus nigra. Fleurs blanches tardives de juin.<\/p>\n","protected":false},"author":191,"featured_media":4928,"comment_status":"closed","ping_status":"closed","sticky":false,"template":"","format":"standard","meta":{"sfsi_plus_gutenberg_text_before_share":"","sfsi_plus_gutenberg_show_text_before_share":"","sfsi_plus_gutenberg_icon_type":"","sfsi_plus_gutenberg_icon_alignemt":"","sfsi_plus_gutenburg_max_per_row":"","_EventAllDay":false,"_EventTimezone":"","_EventStartDate":"","_EventEndDate":"","_EventStartDateUTC":"","_EventEndDateUTC":"","_EventShowMap":false,"_EventShowMapLink":false,"_EventURL":"","_EventCost":"","_EventCostDescription":"","_EventCurrencySymbol":"","_EventCurrencyCode":"","_EventCurrencyPosition":"","_EventDateTimeSeparator":"","_EventTimeRangeSeparator":"","_EventOrganizerID":[],"_EventVenueID":[],"_OrganizerEmail":"","_OrganizerPhone":"","_OrganizerWebsite":"","_VenueAddress":"","_VenueCity":"","_VenueCountry":"","_VenueProvince":"","_VenueState":"","_VenueZip":"","_VenuePhone":"","_VenueURL":"","_VenueStateProvince":"","_VenueLat":"","_VenueLng":"","_VenueShowMap":false,"_VenueShowMapLink":false,"footnotes":""},"categories":[58,21],"tags":[605,616],"class_list":["post-4927","post","type-post","status-publish","format-standard","has-post-thumbnail","hentry","category-feuilles","category-fleurs","tag-fleurs-de-juin","tag-sureau"],"_links":{"self":[{"href":"https:\/\/www.irreel.ch\/blog\/wp-json\/wp\/v2\/posts\/4927","targetHints":{"allow":["GET"]}}],"collection":[{"href":"https:\/\/www.irreel.ch\/blog\/wp-json\/wp\/v2\/posts"}],"about":[{"href":"https:\/\/www.irreel.ch\/blog\/wp-json\/wp\/v2\/types\/post"}],"author":[{"embeddable":true,"href":"https:\/\/www.irreel.ch\/blog\/wp-json\/wp\/v2\/users\/191"}],"replies":[{"embeddable":true,"href":"https:\/\/www.irreel.ch\/blog\/wp-json\/wp\/v2\/comments?post=4927"}],"version-history":[{"count":2,"href":"https:\/\/www.irreel.ch\/blog\/wp-json\/wp\/v2\/posts\/4927\/revisions"}],"predecessor-version":[{"id":4977,"href":"https:\/\/www.irreel.ch\/blog\/wp-json\/wp\/v2\/posts\/4927\/revisions\/4977"}],"wp:featuredmedia":[{"embeddable":true,"href":"https:\/\/www.irreel.ch\/blog\/wp-json\/wp\/v2\/media\/4928"}],"wp:attachment":[{"href":"https:\/\/www.irreel.ch\/blog\/wp-json\/wp\/v2\/media?parent=4927"}],"wp:term":[{"taxonomy":"category","embeddable":true,"href":"https:\/\/www.irreel.ch\/blog\/wp-json\/wp\/v2\/categories?post=4927"},{"taxonomy":"post_tag","embeddable":true,"href":"https:\/\/www.irreel.ch\/blog\/wp-json\/wp\/v2\/tags?post=4927"}],"curies":[{"name":"wp","href":"https:\/\/api.w.org\/{rel}","templated":true}]}}