{"id":4901,"date":"2019-03-04T05:41:26","date_gmt":"2019-03-04T03:41:26","guid":{"rendered":"http:\/\/www.irreel.ch\/blog\/?p=4901"},"modified":"2019-03-04T11:53:37","modified_gmt":"2019-03-04T09:53:37","slug":"fleurs-de-nefles","status":"publish","type":"post","link":"https:\/\/www.irreel.ch\/blog\/fleurs-de-nefles\/","title":{"rendered":"N\u00e8fles, fleurs et feuilles"},"content":{"rendered":"\n<figure class=\"wp-block-image\"><a href=\"http:\/\/www.irreel.ch\/blog\/wp-content\/uploads\/fleurs-nefles.jpg\"><img loading=\"lazy\" decoding=\"async\" width=\"1000\" height=\"748\" src=\"http:\/\/www.irreel.ch\/blog\/wp-content\/uploads\/fleurs-nefles.jpg\" alt=\"\" class=\"wp-image-4902\" srcset=\"https:\/\/www.irreel.ch\/blog\/wp-content\/uploads\/fleurs-nefles.jpg 1000w, https:\/\/www.irreel.ch\/blog\/wp-content\/uploads\/fleurs-nefles-150x112.jpg 150w, https:\/\/www.irreel.ch\/blog\/wp-content\/uploads\/fleurs-nefles-300x224.jpg 300w, https:\/\/www.irreel.ch\/blog\/wp-content\/uploads\/fleurs-nefles-768x574.jpg 768w\" sizes=\"auto, (max-width: 1000px) 100vw, 1000px\" \/><\/a><figcaption>Petites fleurs blanches dans leur \u00e9toile de feuilles vertes<\/figcaption><\/figure>\n\n\n\n<p>Fleurs tardives de n\u00e9flier d&rsquo;Allemagne au fruit brun qui se mange en d\u00e9cembre aux gel\u00e9es, mespilus germanica.<\/p>\n","protected":false},"excerpt":{"rendered":"<p>Fleurs tardives de n\u00e9flier d&rsquo;Allemagne au fruit brun qui se mange en d\u00e9cembre aux gel\u00e9es, mespilus germanica.<\/p>\n","protected":false},"author":191,"featured_media":4902,"comment_status":"closed","ping_status":"closed","sticky":false,"template":"","format":"standard","meta":{"sfsi_plus_gutenberg_text_before_share":"","sfsi_plus_gutenberg_show_text_before_share":"","sfsi_plus_gutenberg_icon_type":"","sfsi_plus_gutenberg_icon_alignemt":"","sfsi_plus_gutenburg_max_per_row":"","_EventAllDay":false,"_EventTimezone":"","_EventStartDate":"","_EventEndDate":"","_EventStartDateUTC":"","_EventEndDateUTC":"","_EventShowMap":false,"_EventShowMapLink":false,"_EventURL":"","_EventCost":"","_EventCostDescription":"","_EventCurrencySymbol":"","_EventCurrencyCode":"","_EventCurrencyPosition":"","_EventDateTimeSeparator":"","_EventTimeRangeSeparator":"","_EventOrganizerID":[],"_EventVenueID":[],"_OrganizerEmail":"","_OrganizerPhone":"","_OrganizerWebsite":"","_VenueAddress":"","_VenueCity":"","_VenueCountry":"","_VenueProvince":"","_VenueState":"","_VenueZip":"","_VenuePhone":"","_VenueURL":"","_VenueStateProvince":"","_VenueLat":"","_VenueLng":"","_VenueShowMap":false,"_VenueShowMapLink":false,"footnotes":""},"categories":[58,21],"tags":[580,605,503,412],"class_list":["post-4901","post","type-post","status-publish","format-standard","has-post-thumbnail","hentry","category-feuilles","category-fleurs","tag-blanc","tag-fleurs-de-juin","tag-neflier","tag-vert"],"_links":{"self":[{"href":"https:\/\/www.irreel.ch\/blog\/wp-json\/wp\/v2\/posts\/4901","targetHints":{"allow":["GET"]}}],"collection":[{"href":"https:\/\/www.irreel.ch\/blog\/wp-json\/wp\/v2\/posts"}],"about":[{"href":"https:\/\/www.irreel.ch\/blog\/wp-json\/wp\/v2\/types\/post"}],"author":[{"embeddable":true,"href":"https:\/\/www.irreel.ch\/blog\/wp-json\/wp\/v2\/users\/191"}],"replies":[{"embeddable":true,"href":"https:\/\/www.irreel.ch\/blog\/wp-json\/wp\/v2\/comments?post=4901"}],"version-history":[{"count":2,"href":"https:\/\/www.irreel.ch\/blog\/wp-json\/wp\/v2\/posts\/4901\/revisions"}],"predecessor-version":[{"id":4967,"href":"https:\/\/www.irreel.ch\/blog\/wp-json\/wp\/v2\/posts\/4901\/revisions\/4967"}],"wp:featuredmedia":[{"embeddable":true,"href":"https:\/\/www.irreel.ch\/blog\/wp-json\/wp\/v2\/media\/4902"}],"wp:attachment":[{"href":"https:\/\/www.irreel.ch\/blog\/wp-json\/wp\/v2\/media?parent=4901"}],"wp:term":[{"taxonomy":"category","embeddable":true,"href":"https:\/\/www.irreel.ch\/blog\/wp-json\/wp\/v2\/categories?post=4901"},{"taxonomy":"post_tag","embeddable":true,"href":"https:\/\/www.irreel.ch\/blog\/wp-json\/wp\/v2\/tags?post=4901"}],"curies":[{"name":"wp","href":"https:\/\/api.w.org\/{rel}","templated":true}]}}