{"id":4895,"date":"2019-03-03T23:42:21","date_gmt":"2019-03-03T21:42:21","guid":{"rendered":"http:\/\/www.irreel.ch\/blog\/?p=4895"},"modified":"2022-12-20T16:25:31","modified_gmt":"2022-12-20T15:25:31","slug":"fleurs-de-cornouiller","status":"publish","type":"post","link":"https:\/\/www.irreel.ch\/blog\/fleurs-de-cornouiller\/","title":{"rendered":"Cornouiller, fleurs"},"content":{"rendered":"\n<figure class=\"wp-block-image\"><a href=\"http:\/\/www.irreel.ch\/blog\/wp-content\/uploads\/fleurs-cornouiller.jpg\"><img loading=\"lazy\" decoding=\"async\" width=\"1000\" height=\"748\" src=\"http:\/\/www.irreel.ch\/blog\/wp-content\/uploads\/fleurs-cornouiller.jpg\" alt=\"\" class=\"wp-image-4896\" srcset=\"https:\/\/www.irreel.ch\/blog\/wp-content\/uploads\/fleurs-cornouiller.jpg 1000w, https:\/\/www.irreel.ch\/blog\/wp-content\/uploads\/fleurs-cornouiller-150x112.jpg 150w, https:\/\/www.irreel.ch\/blog\/wp-content\/uploads\/fleurs-cornouiller-300x224.jpg 300w, https:\/\/www.irreel.ch\/blog\/wp-content\/uploads\/fleurs-cornouiller-768x574.jpg 768w\" sizes=\"auto, (max-width: 1000px) 100vw, 1000px\" \/><\/a><figcaption class=\"wp-element-caption\">D\u00e9licatesse de ces petites fleurs jaunes, les premi\u00e8res au printemps<\/figcaption><\/figure>\n\n\n\n<p>Premi\u00e8res fleurs de fruit au printemps, r\u00e9sistant au gel de printemps, d\u00e9licates, jaunes et merveille \u00e0 voir, celles du cornouiller \u00e0 fruits comestible, cornus mas.<\/p>\n","protected":false},"excerpt":{"rendered":"<p>Premi\u00e8res fleurs de fruit au printemps, r\u00e9sistant au gel de printemps, d\u00e9licates, jaunes et merveille \u00e0 voir, celles du cornouiller \u00e0 fruits comestible, cornus mas.<\/p>\n","protected":false},"author":191,"featured_media":4896,"comment_status":"open","ping_status":"closed","sticky":false,"template":"","format":"standard","meta":{"sfsi_plus_gutenberg_text_before_share":"","sfsi_plus_gutenberg_show_text_before_share":"","sfsi_plus_gutenberg_icon_type":"","sfsi_plus_gutenberg_icon_alignemt":"","sfsi_plus_gutenburg_max_per_row":"","_EventAllDay":false,"_EventTimezone":"","_EventStartDate":"","_EventEndDate":"","_EventStartDateUTC":"","_EventEndDateUTC":"","_EventShowMap":false,"_EventShowMapLink":false,"_EventURL":"","_EventCost":"","_EventCostDescription":"","_EventCurrencySymbol":"","_EventCurrencyCode":"","_EventCurrencyPosition":"","_EventDateTimeSeparator":"","_EventTimeRangeSeparator":"","_EventOrganizerID":[],"_EventVenueID":[],"_OrganizerEmail":"","_OrganizerPhone":"","_OrganizerWebsite":"","_VenueAddress":"","_VenueCity":"","_VenueCountry":"","_VenueProvince":"","_VenueState":"","_VenueZip":"","_VenuePhone":"","_VenueURL":"","_VenueStateProvince":"","_VenueLat":"","_VenueLng":"","_VenueShowMap":false,"_VenueShowMapLink":false,"footnotes":""},"categories":[21],"tags":[611,608,98],"class_list":["post-4895","post","type-post","status-publish","format-standard","has-post-thumbnail","hentry","category-fleurs","tag-cornouille","tag-fleurs-de-mars","tag-jaune"],"_links":{"self":[{"href":"https:\/\/www.irreel.ch\/blog\/wp-json\/wp\/v2\/posts\/4895","targetHints":{"allow":["GET"]}}],"collection":[{"href":"https:\/\/www.irreel.ch\/blog\/wp-json\/wp\/v2\/posts"}],"about":[{"href":"https:\/\/www.irreel.ch\/blog\/wp-json\/wp\/v2\/types\/post"}],"author":[{"embeddable":true,"href":"https:\/\/www.irreel.ch\/blog\/wp-json\/wp\/v2\/users\/191"}],"replies":[{"embeddable":true,"href":"https:\/\/www.irreel.ch\/blog\/wp-json\/wp\/v2\/comments?post=4895"}],"version-history":[{"count":3,"href":"https:\/\/www.irreel.ch\/blog\/wp-json\/wp\/v2\/posts\/4895\/revisions"}],"predecessor-version":[{"id":6905,"href":"https:\/\/www.irreel.ch\/blog\/wp-json\/wp\/v2\/posts\/4895\/revisions\/6905"}],"wp:featuredmedia":[{"embeddable":true,"href":"https:\/\/www.irreel.ch\/blog\/wp-json\/wp\/v2\/media\/4896"}],"wp:attachment":[{"href":"https:\/\/www.irreel.ch\/blog\/wp-json\/wp\/v2\/media?parent=4895"}],"wp:term":[{"taxonomy":"category","embeddable":true,"href":"https:\/\/www.irreel.ch\/blog\/wp-json\/wp\/v2\/categories?post=4895"},{"taxonomy":"post_tag","embeddable":true,"href":"https:\/\/www.irreel.ch\/blog\/wp-json\/wp\/v2\/tags?post=4895"}],"curies":[{"name":"wp","href":"https:\/\/api.w.org\/{rel}","templated":true}]}}