{"id":4720,"date":"2018-08-22T22:41:12","date_gmt":"2018-08-22T20:41:12","guid":{"rendered":"http:\/\/www.irreel.ch\/blog\/?p=4720"},"modified":"2018-08-22T22:48:18","modified_gmt":"2018-08-22T20:48:18","slug":"goumoens-la-ville-ses-trois-chateaux-et-son-eglise-carolingienne","status":"publish","type":"post","link":"https:\/\/www.irreel.ch\/blog\/goumoens-la-ville-ses-trois-chateaux-et-son-eglise-carolingienne\/","title":{"rendered":"Goumoens-la-Ville, ses trois ch\u00e2teaux et son \u00e9glise carolingienne"},"content":{"rendered":"<div class=\"activity-header clearfix\">\n<h1 id=\"page-title\" class=\"title\"><a href=\"http:\/\/www.irreel.ch\/blog\/wp-content\/uploads\/chateau-goumoens-copie_Fotor.jpg\"><img loading=\"lazy\" decoding=\"async\" class=\"alignnone size-full wp-image-4721\" src=\"http:\/\/www.irreel.ch\/blog\/wp-content\/uploads\/chateau-goumoens-copie_Fotor.jpg\" alt=\"\" width=\"1200\" height=\"899\" srcset=\"https:\/\/www.irreel.ch\/blog\/wp-content\/uploads\/chateau-goumoens-copie_Fotor.jpg 1200w, https:\/\/www.irreel.ch\/blog\/wp-content\/uploads\/chateau-goumoens-copie_Fotor-150x112.jpg 150w, https:\/\/www.irreel.ch\/blog\/wp-content\/uploads\/chateau-goumoens-copie_Fotor-300x225.jpg 300w, https:\/\/www.irreel.ch\/blog\/wp-content\/uploads\/chateau-goumoens-copie_Fotor-768x575.jpg 768w, https:\/\/www.irreel.ch\/blog\/wp-content\/uploads\/chateau-goumoens-copie_Fotor-1024x767.jpg 1024w\" sizes=\"auto, (max-width: 1200px) 100vw, 1200px\" \/><\/a>Goumoens-la-Ville, ses trois ch\u00e2teaux et son \u00e9glise carolingienne<\/h1>\n<h2>Balade \u00e0 Goumo\u00ebns-la-Ville<\/h2>\n<div class=\"teacher-box\">Par Daniel Thomas, formateur dipl\u00f4m\u00e9<br \/>\norganiste dipl\u00f4m\u00e9, carillonneur, licenci\u00e9 \u00e8s Lettres<\/div>\n<div>\n<div>Vous pourrez-vous voir sur le site langages.ch quand la visite sera donn\u00e9e \u00e0 nouveau : <a href=\"http:\/\/www.langages.ch\/blog\/tag\/visite-guidee\/\" target=\"_blank\" rel=\"noopener noreferrer\">http:\/\/www.langages.ch\/blog\/tag\/visite-guidee\/<\/a>.<\/div>\n<div>Vous pouvez aussi r\u00e9server une visite priv\u00e9e pour une famille, un groupe ou vous-m\u00eames sur la page de <a href=\"http:\/\/www.irreel.ch\/blog\/plan\/contact\/\">contact<\/a>.<\/div>\n<\/div>\n<\/div>\n<table class=\"activity-box\">\n<tbody>\n<tr class=\"odd\">\n<th>Saison \/ No. cours<\/th>\n<td>134 \/ 23-1<\/td>\n<\/tr>\n<tr class=\"even\">\n<th>P\u00e9riode<\/th>\n<td>Date \u00e0 d\u00e9finir<\/td>\n<\/tr>\n<tr class=\"odd\">\n<th>Dur\u00e9e<\/th>\n<td>1 s\u00e9ances, 3 p\u00e9riodes de 45 min.<\/td>\n<\/tr>\n<tr class=\"even\">\n<th>Participants<\/th>\n<td>13 maximum<\/td>\n<\/tr>\n<tr class=\"odd\">\n<th>Objectifs<\/th>\n<td>Etudier un village vaudois au temps des seigneuries et des fiefs<br \/>\nHistoire du ch\u00e2teau des seigneurs de Goumo\u00ebns<br \/>\nEtudier le passage \u00e0 la r\u00e9forme dans un village faisant partie du baillage mixte de Berne et Fribourg<br \/>\n\u00c9tude de l\u2019architecture et des fresques du XIVe s. de la plus ancienne \u00e9glise en terre vaudoise (\u00e9poque carolingienne)<br \/>\nEcoute de musiques des \u00e9poques carolingienne, m\u00e9di\u00e9vale et r\u00e9form\u00e9e sur les orgues<\/td>\n<\/tr>\n<tr class=\"even\">\n<th>Contenu<\/th>\n<td>Visite guid\u00e9e du site du village de Goumoens-la-Ville, avec ses deux ch\u00e2teaux, le \u00ab ch\u00e2teau dessus \u00bb et le \u00ab ch\u00e2teau dessous\u00bb, au bas du village, r\u00e9sidence des seigneurs du lieu. Un troisi\u00e8me ch\u00e2teau serait le ch\u00e2teau d\u2019eau n\u00e9o-m\u00e9di\u00e9val de 1940, tour qui domine la r\u00e9gion. Visite de l\u2019\u00e9glise la plus ancienne du pays de Vaud, certaines parties du choeur datant de l\u2019\u00e9poque carolingienne (IXe s). D\u00e8s le XIIe si\u00e8cle et jusqu&rsquo;\u00e0 la R\u00e9formation, l&rsquo;\u00e9glise d\u00e9pend de l&rsquo;abbaye de Montbeno\u00eet, pr\u00e8s de Pontarlier. Etude des fresques du XVe si\u00e8cle, anges musiciens, et des vitraux de Jacques Wasem et Charles Cl\u00e9ment. Evocation du mode de vie au temps des seigneurs de Goumo\u00ebns, famille vassale de la maison des comtes de Montb\u00e9liard &#8211; Montfaucon, elle-m\u00eame vassale du duc de Bourgogne. Ecoute de musiques m\u00e9di\u00e9vales et r\u00e9form\u00e9es sur les orgues du temple. Visite anim\u00e9e par Daniel Thomas, musicien et licenci\u00e9 \u00e8s Lettres. Partie de la visite en plein air, pr\u00e9voir une tenue adapt\u00e9e \u00e0 la m\u00e9t\u00e9o. Acc\u00e8s par train LEB jusqu\u2019\u00e0 Echallens puis par bus postal 425.<\/td>\n<\/tr>\n<tr class=\"odd\">\n<th>M\u00e9thode<\/th>\n<td>Visite, observation, dialogue, questions et \u00e9coute musicale<\/td>\n<\/tr>\n<tr class=\"even\">\n<th>Lieu<\/th>\n<td>Rendez-vous devant la maison de commune, rue du Ch\u00e2teau-Dessus 1, Goumoens-la-Ville<\/td>\n<\/tr>\n<tr class=\"odd\">\n<th>Tarif normal<\/th>\n<td><\/td>\n<\/tr>\n<tr class=\"even\">\n<th>Quand<\/th>\n<td>\n<ul>\n<li><\/li>\n<\/ul>\n<\/td>\n<\/tr>\n<\/tbody>\n<\/table>\n<p>L&rsquo;ange et le dragon de l&rsquo;\u00e9glise de Goumo\u00ebns-la-Ville, peinture murale<br \/>\n<a href=\"http:\/\/www.irreel.ch\/blog\/wp-content\/uploads\/ange-dragon-goumoens.jpg\"><img loading=\"lazy\" decoding=\"async\" class=\"alignnone size-full wp-image-4723\" src=\"http:\/\/www.irreel.ch\/blog\/wp-content\/uploads\/ange-dragon-goumoens.jpg\" alt=\"\" width=\"1200\" height=\"900\" srcset=\"https:\/\/www.irreel.ch\/blog\/wp-content\/uploads\/ange-dragon-goumoens.jpg 1200w, https:\/\/www.irreel.ch\/blog\/wp-content\/uploads\/ange-dragon-goumoens-150x113.jpg 150w, https:\/\/www.irreel.ch\/blog\/wp-content\/uploads\/ange-dragon-goumoens-300x225.jpg 300w, https:\/\/www.irreel.ch\/blog\/wp-content\/uploads\/ange-dragon-goumoens-768x576.jpg 768w, https:\/\/www.irreel.ch\/blog\/wp-content\/uploads\/ange-dragon-goumoens-1024x768.jpg 1024w\" sizes=\"auto, (max-width: 1200px) 100vw, 1200px\" \/><\/a><\/p>\n","protected":false},"excerpt":{"rendered":"<p>Goumoens-la-Ville, ses trois ch\u00e2teaux et son \u00e9glise carolingienne Balade \u00e0 Goumo\u00ebns-la-Ville Par Daniel Thomas, formateur dipl\u00f4m\u00e9 organiste dipl\u00f4m\u00e9, carillonneur, licenci\u00e9 \u00e8s Lettres Vous pourrez-vous voir sur le site langages.ch quand la visite sera donn\u00e9e&#46;&#46;&#46;<\/p>\n","protected":false},"author":191,"featured_media":4721,"comment_status":"closed","ping_status":"closed","sticky":false,"template":"","format":"standard","meta":{"sfsi_plus_gutenberg_text_before_share":"","sfsi_plus_gutenberg_show_text_before_share":"","sfsi_plus_gutenberg_icon_type":"","sfsi_plus_gutenberg_icon_alignemt":"","sfsi_plus_gutenburg_max_per_row":"","_EventAllDay":false,"_EventTimezone":"","_EventStartDate":"","_EventEndDate":"","_EventStartDateUTC":"","_EventEndDateUTC":"","_EventShowMap":false,"_EventShowMapLink":false,"_EventURL":"","_EventCost":"","_EventCostDescription":"","_EventCurrencySymbol":"","_EventCurrencyCode":"","_EventCurrencyPosition":"","_EventDateTimeSeparator":"","_EventTimeRangeSeparator":"","_EventOrganizerID":[],"_EventVenueID":[],"_OrganizerEmail":"","_OrganizerPhone":"","_OrganizerWebsite":"","_VenueAddress":"","_VenueCity":"","_VenueCountry":"","_VenueProvince":"","_VenueState":"","_VenueZip":"","_VenuePhone":"","_VenueURL":"","_VenueStateProvince":"","_VenueLat":"","_VenueLng":"","_VenueShowMap":false,"_VenueShowMapLink":false,"footnotes":""},"categories":[584],"tags":[593,586,533],"class_list":["post-4720","post","type-post","status-publish","format-standard","has-post-thumbnail","hentry","category-visite-guidee","tag-chateau","tag-eglise","tag-orgue"],"_links":{"self":[{"href":"https:\/\/www.irreel.ch\/blog\/wp-json\/wp\/v2\/posts\/4720","targetHints":{"allow":["GET"]}}],"collection":[{"href":"https:\/\/www.irreel.ch\/blog\/wp-json\/wp\/v2\/posts"}],"about":[{"href":"https:\/\/www.irreel.ch\/blog\/wp-json\/wp\/v2\/types\/post"}],"author":[{"embeddable":true,"href":"https:\/\/www.irreel.ch\/blog\/wp-json\/wp\/v2\/users\/191"}],"replies":[{"embeddable":true,"href":"https:\/\/www.irreel.ch\/blog\/wp-json\/wp\/v2\/comments?post=4720"}],"version-history":[{"count":3,"href":"https:\/\/www.irreel.ch\/blog\/wp-json\/wp\/v2\/posts\/4720\/revisions"}],"predecessor-version":[{"id":4725,"href":"https:\/\/www.irreel.ch\/blog\/wp-json\/wp\/v2\/posts\/4720\/revisions\/4725"}],"wp:featuredmedia":[{"embeddable":true,"href":"https:\/\/www.irreel.ch\/blog\/wp-json\/wp\/v2\/media\/4721"}],"wp:attachment":[{"href":"https:\/\/www.irreel.ch\/blog\/wp-json\/wp\/v2\/media?parent=4720"}],"wp:term":[{"taxonomy":"category","embeddable":true,"href":"https:\/\/www.irreel.ch\/blog\/wp-json\/wp\/v2\/categories?post=4720"},{"taxonomy":"post_tag","embeddable":true,"href":"https:\/\/www.irreel.ch\/blog\/wp-json\/wp\/v2\/tags?post=4720"}],"curies":[{"name":"wp","href":"https:\/\/api.w.org\/{rel}","templated":true}]}}