{"id":4710,"date":"2018-08-22T20:58:32","date_gmt":"2018-08-22T18:58:32","guid":{"rendered":"http:\/\/www.irreel.ch\/blog\/?p=4710"},"modified":"2022-09-26T22:19:09","modified_gmt":"2022-09-26T20:19:09","slug":"bettens-et-son-chateau-au-temps-des-seigneurs","status":"publish","type":"post","link":"https:\/\/www.irreel.ch\/blog\/bettens-et-son-chateau-au-temps-des-seigneurs\/","title":{"rendered":"Bettens et son ch\u00e2teau, au temps des seigneurs"},"content":{"rendered":"<h1 id=\"page-title\" class=\"title\"><a href=\"http:\/\/www.irreel.ch\/blog\/wp-content\/uploads\/bettens-chateau.jpg\"><img loading=\"lazy\" decoding=\"async\" class=\"alignnone size-full wp-image-4711\" src=\"http:\/\/www.irreel.ch\/blog\/wp-content\/uploads\/bettens-chateau.jpg\" alt=\"\" width=\"1200\" height=\"792\" srcset=\"https:\/\/www.irreel.ch\/blog\/wp-content\/uploads\/bettens-chateau.jpg 1200w, https:\/\/www.irreel.ch\/blog\/wp-content\/uploads\/bettens-chateau-150x99.jpg 150w, https:\/\/www.irreel.ch\/blog\/wp-content\/uploads\/bettens-chateau-300x198.jpg 300w, https:\/\/www.irreel.ch\/blog\/wp-content\/uploads\/bettens-chateau-768x507.jpg 768w, https:\/\/www.irreel.ch\/blog\/wp-content\/uploads\/bettens-chateau-1024x676.jpg 1024w\" sizes=\"auto, (max-width: 1200px) 100vw, 1200px\" \/><\/a>Bettens, le ch\u00e2teau de son seigneur et son temple du temps de la r\u00e9forme<\/h1>\n<div class=\"region region-content\">\n<div id=\"block-system-main\" class=\"block block-system first last odd\">\n<div class=\"content\">\n<div id=\"node-4503\" class=\"node node-activity view-mode-full clearfix\">\n<div class=\"content\">\n<div class=\"activity-header clearfix\">\n<h2>Balade \u00e0 Bettens<\/h2>\n<div class=\"teacher-box\">Par Daniel Thomas, formateur dipl\u00f4m\u00e9<br \/>\norganiste dipl\u00f4m\u00e9, carillonneur, licenci\u00e9 \u00e8s Lettres<\/div>\n<div>Visite uniquement sur inscription! Par internet ou par t\u00e9l\u00e9phone: T. 021 315 24 24 ou sur le site:<\/div>\n<div class=\"subscription-box-wrapper\">\n<div class=\"subscription-box \">\n<div>Vous pourrez-vous voir sur le site langages.ch quand la visite sera donn\u00e9e \u00e0 nouveau : <a href=\"http:\/\/www.langages.ch\/blog\/tag\/visite-guidee\/\" target=\"_blank\" rel=\"noopener noreferrer\">http:\/\/www.langages.ch\/blog\/tag\/visite-guidee\/<\/a>.<\/div>\n<div>Vous pouvez aussi r\u00e9server une visite priv\u00e9e pour une famille, un groupe ou vous-m\u00eames sur la page de <a href=\"http:\/\/www.irreel.ch\/blog\/plan\/contact\/\">contact<\/a>.<\/div>\n<\/div>\n<\/div>\n<\/div>\n<table class=\"activity-box\">\n<tbody>\n<tr class=\"odd\">\n<th>Saison \/ No. cours<\/th>\n<td>134 \/ 27-1<\/td>\n<\/tr>\n<tr class=\"even\">\n<th>P\u00e9riode<\/th>\n<td>Vendredi, 14 Septembre, 2018 \u2013 17:30 \u2013<\/td>\n<\/tr>\n<tr class=\"odd\">\n<th>Dur\u00e9e<\/th>\n<td>1 s\u00e9ances, 2 p\u00e9riodes de 45 min.<\/td>\n<\/tr>\n<tr class=\"even\">\n<th>Participants<\/th>\n<td>13 maximum<\/td>\n<\/tr>\n<tr class=\"odd\">\n<th>Objectifs<\/th>\n<td>Etudier un village vaudois au temps des seigneuries et des fiefs<br \/>\nVisite, histoire et architecture du ch\u00e2teau du seigneur de Bettens, de 1756<br \/>\nEtude d\u2019un temple r\u00e9form\u00e9 de 1725 et de son architecture<br \/>\nEvocation d\u2019un ancien Prieur\u00e9 rural des chanoines du Grand-St-Bernard<br \/>\nEcoute de musiques des \u00e9poques du temple et du ch\u00e2teau (XVIII\u00e8me s.) sur un petit clavecin<\/td>\n<\/tr>\n<tr class=\"even\">\n<th>Contenu<\/th>\n<td>Visite guid\u00e9e du site du village de Bettens, le ch\u00e2teau de son seigneur, la ferme du ch\u00e2teau, les anciennes fermes, le temple r\u00e9form\u00e9 du 1725 s. avec son vitrail de Louis Rivier. Etudier l\u2019\u00e9volution historique et architecturale d\u2019un site rural \u00e0 travers le temps. L\u2019hospice du Grand-Saint-Bernard poss\u00e9dait \u00e0 Bettens un prieur\u00e9 rural (1145\/1159) dont les biens furent s\u00e9cularis\u00e9s \u00e0 la R\u00e9forme et qui s\u2019est plus tard converti en beau ch\u00e2teau.\u2028Evocation du mode de vie au temps des seigneurs. Ecoute de musiques des \u00e9poques du temple et du ch\u00e2teau (XVIII\u00e8me s.) dans le temple. Visite anim\u00e9e par Daniel Thomas, musicien et licenci\u00e9 \u00e8s Lettres. Partie de la visite en plein air, pr\u00e9voir une tenue adapt\u00e9e \u00e0 la m\u00e9t\u00e9o. Acc\u00e8s par train LEB jusqu\u2019\u00e0 Cheseaux ou Echallens et ensuite car postal 425 pour Bettens.<\/td>\n<\/tr>\n<tr class=\"odd\">\n<th>M\u00e9thode<\/th>\n<td>Visite, observation, dialogue, questions et \u00e9coute musicale<\/td>\n<\/tr>\n<tr class=\"even\">\n<th>Lieu<\/th>\n<td>Rendez-vous \u00e0 l\u2019arr\u00eat bus postal 425, Bettens, crois\u00e9e, route d\u2019Echallens 5<\/td>\n<\/tr>\n<tr class=\"odd\">\n<th>Tarif normal<\/th>\n<td>CHF 25.00<\/td>\n<\/tr>\n<tr class=\"even\">\n<th>Quand<\/th>\n<td>\n<ul>\n<li>Vendredi, 14 Septembre, 2018 \u2013 17:30<\/li>\n<\/ul>\n<\/td>\n<\/tr>\n<\/tbody>\n<\/table>\n<\/div>\n<\/div>\n<\/div>\n<\/div>\n<\/div>\n","protected":false},"excerpt":{"rendered":"<p>Bettens, le ch\u00e2teau de son seigneur et son temple du temps de la r\u00e9forme Balade \u00e0 Bettens Par Daniel Thomas, formateur dipl\u00f4m\u00e9 organiste dipl\u00f4m\u00e9, carillonneur, licenci\u00e9 \u00e8s Lettres Visite uniquement sur inscription! Par internet&#46;&#46;&#46;<\/p>\n","protected":false},"author":191,"featured_media":4711,"comment_status":"closed","ping_status":"closed","sticky":false,"template":"","format":"standard","meta":{"sfsi_plus_gutenberg_text_before_share":"","sfsi_plus_gutenberg_show_text_before_share":"","sfsi_plus_gutenberg_icon_type":"","sfsi_plus_gutenberg_icon_alignemt":"","sfsi_plus_gutenburg_max_per_row":"","_EventAllDay":false,"_EventTimezone":"","_EventStartDate":"","_EventEndDate":"","_EventStartDateUTC":"","_EventEndDateUTC":"","_EventShowMap":false,"_EventShowMapLink":false,"_EventURL":"","_EventCost":"","_EventCostDescription":"","_EventCurrencySymbol":"","_EventCurrencyCode":"","_EventCurrencyPosition":"","_EventDateTimeSeparator":"","_EventTimeRangeSeparator":"","_EventOrganizerID":[],"_EventVenueID":[],"_OrganizerEmail":"","_OrganizerPhone":"","_OrganizerWebsite":"","_VenueAddress":"","_VenueCity":"","_VenueCountry":"","_VenueProvince":"","_VenueState":"","_VenueZip":"","_VenuePhone":"","_VenueURL":"","_VenueStateProvince":"","_VenueLat":"","_VenueLng":"","_VenueShowMap":false,"_VenueShowMapLink":false,"footnotes":""},"categories":[584],"tags":[593,586],"class_list":["post-4710","post","type-post","status-publish","format-standard","has-post-thumbnail","hentry","category-visite-guidee","tag-chateau","tag-eglise"],"_links":{"self":[{"href":"https:\/\/www.irreel.ch\/blog\/wp-json\/wp\/v2\/posts\/4710","targetHints":{"allow":["GET"]}}],"collection":[{"href":"https:\/\/www.irreel.ch\/blog\/wp-json\/wp\/v2\/posts"}],"about":[{"href":"https:\/\/www.irreel.ch\/blog\/wp-json\/wp\/v2\/types\/post"}],"author":[{"embeddable":true,"href":"https:\/\/www.irreel.ch\/blog\/wp-json\/wp\/v2\/users\/191"}],"replies":[{"embeddable":true,"href":"https:\/\/www.irreel.ch\/blog\/wp-json\/wp\/v2\/comments?post=4710"}],"version-history":[{"count":2,"href":"https:\/\/www.irreel.ch\/blog\/wp-json\/wp\/v2\/posts\/4710\/revisions"}],"predecessor-version":[{"id":6729,"href":"https:\/\/www.irreel.ch\/blog\/wp-json\/wp\/v2\/posts\/4710\/revisions\/6729"}],"wp:featuredmedia":[{"embeddable":true,"href":"https:\/\/www.irreel.ch\/blog\/wp-json\/wp\/v2\/media\/4711"}],"wp:attachment":[{"href":"https:\/\/www.irreel.ch\/blog\/wp-json\/wp\/v2\/media?parent=4710"}],"wp:term":[{"taxonomy":"category","embeddable":true,"href":"https:\/\/www.irreel.ch\/blog\/wp-json\/wp\/v2\/categories?post=4710"},{"taxonomy":"post_tag","embeddable":true,"href":"https:\/\/www.irreel.ch\/blog\/wp-json\/wp\/v2\/tags?post=4710"}],"curies":[{"name":"wp","href":"https:\/\/api.w.org\/{rel}","templated":true}]}}