{"id":4703,"date":"2018-08-22T15:54:25","date_gmt":"2018-08-22T13:54:25","guid":{"rendered":"http:\/\/www.irreel.ch\/blog\/?p=4703"},"modified":"2022-09-26T22:18:39","modified_gmt":"2022-09-26T20:18:39","slug":"dommartin-et-son-chateau","status":"publish","type":"post","link":"https:\/\/www.irreel.ch\/blog\/dommartin-et-son-chateau\/","title":{"rendered":"Dommartin et son ch\u00e2teau"},"content":{"rendered":"<h1 id=\"page-title\" class=\"title\"><a href=\"http:\/\/www.irreel.ch\/blog\/wp-content\/uploads\/chateau-dommartin-copie_Fotor.jpg\"><img loading=\"lazy\" decoding=\"async\" class=\"alignnone size-full wp-image-4704\" src=\"http:\/\/www.irreel.ch\/blog\/wp-content\/uploads\/chateau-dommartin-copie_Fotor.jpg\" alt=\"\" width=\"1000\" height=\"750\" srcset=\"https:\/\/www.irreel.ch\/blog\/wp-content\/uploads\/chateau-dommartin-copie_Fotor.jpg 1000w, https:\/\/www.irreel.ch\/blog\/wp-content\/uploads\/chateau-dommartin-copie_Fotor-150x113.jpg 150w, https:\/\/www.irreel.ch\/blog\/wp-content\/uploads\/chateau-dommartin-copie_Fotor-300x225.jpg 300w, https:\/\/www.irreel.ch\/blog\/wp-content\/uploads\/chateau-dommartin-copie_Fotor-768x576.jpg 768w\" sizes=\"auto, (max-width: 1000px) 100vw, 1000px\" \/><\/a>Dommartin, ancienne petite ville fortifi\u00e9e et importante ch\u00e2tellenie du Jorat<\/h1>\n<div class=\"region region-content\">\n<div id=\"block-system-main\" class=\"block block-system first last odd\">\n<div class=\"content\">\n<div id=\"node-4782\" class=\"node node-activity view-mode-full clearfix\">\n<div class=\"content\">\n<div class=\"activity-header clearfix\">\n<h2>Balade \u00e0 Dommartin<\/h2>\n<div class=\"teacher-box\">Par Daniel Thomas, formateur dipl\u00f4m\u00e9<br \/>\norganiste dipl\u00f4m\u00e9, carillonneur, licenci\u00e9 \u00e8s Lettres<\/div>\n<div>Visite uniquement sur r\u00e9servation! Par internet ou par t\u00e9l\u00e9phone: T. 021 315 24 24 ou sur le site:<\/div>\n<div class=\"subscription-box-wrapper\">\n<div class=\"subscription-box \">\n<div>Vous pourrez-vous voir sur le site langages.ch quand la visite sera donn\u00e9e \u00e0 nouveau : <a href=\"http:\/\/www.langages.ch\/blog\/tag\/visite-guidee\/\" target=\"_blank\" rel=\"noopener noreferrer\">http:\/\/www.langages.ch\/blog\/tag\/visite-guidee\/<\/a>.<\/div>\n<div>Vous pouvez aussi r\u00e9server une visite priv\u00e9e pour une famille, un groupe ou vous-m\u00eames sur la page de <a href=\"http:\/\/www.irreel.ch\/blog\/plan\/contact\/\">contact<\/a>.<\/div>\n<\/div>\n<\/div>\n<\/div>\n<table class=\"activity-box\">\n<tbody>\n<tr class=\"odd\">\n<th>Saison \/ No. cours<\/th>\n<td>135 \/ 09-1<\/td>\n<\/tr>\n<tr class=\"even\">\n<th>P\u00e9riode<\/th>\n<td>Vendredi, 21 Septembre, 2018 \u2013 17:00 \u2013<\/td>\n<\/tr>\n<tr class=\"odd\">\n<th>Dur\u00e9e<\/th>\n<td>1 s\u00e9ances, 2 p\u00e9riodes de 45 min.<\/td>\n<\/tr>\n<tr class=\"even\">\n<th>Participants<\/th>\n<td>12 maximum<\/td>\n<\/tr>\n<tr class=\"odd\">\n<th>Objectifs<\/th>\n<td>Etudier une petite ville m\u00e9di\u00e9vale fortifi\u00e9e qui est redevenue un village<br \/>\nEtudier un village vaudois qui est pass\u00e9 \u00e0 la R\u00e9forme<br \/>\n\u00c9tude de l\u2019architecture d\u2019anciennes fermes gothiques<br \/>\nEtude du ch\u00e2teau de la seigneurie de Dommartin, et son histoire.<br \/>\nEcoute de musiques m\u00e9di\u00e9vales et r\u00e9form\u00e9es sur les orgues<\/td>\n<\/tr>\n<tr class=\"even\">\n<th>Contenu<\/th>\n<td>Visite guid\u00e9e de Dommartin en suivant les t\u00e9moins visuels r\u00e9v\u00e9lateurs de son histoire singuli\u00e8re d\u2019un ancien ch\u00e2teau et une ville fortifi\u00e9e en bois entre les mains du Chapitre de Ia cath\u00e9drale de Lausanne (en 1185) jusqu\u2019\u00e0 l\u2019abandon de la petite ville fortifi\u00e9e et au passage \u00e0 l\u2019\u00e9tat du village actuel. II y avait un castrum (place forte), avec une enceinte en bois, contenant Ia ville (33 maisons) et un ch\u00e2teau. Celui-ci avait une tour en bois \u00e9difi\u00e9e sur une motte (popia) qui contenait la maison du Chapitre. II y avait aussi, hors des fortifications, dans une ville ouverte, 57 maisons.\u2028Dans le village actuel de Dommartin, il y a deux maisons de style gothique de la fin du 15e ou du d\u00e9but du 16e si\u00e8cle, t\u00e9moins de la reconstruction du village apr\u00e8s l\u2019abandon de la petite ville fortifi\u00e9e. \u2028La Cure de Dommartin est un \u00e9difice dont les fondations datent probablement de 1543, reconstruite \u00e0 la place d\u2019un ancien b\u00e2timent par leurs Excellences de Berne. Magnifique cure avec sa grange et une ancienne prison.\u2028 Ecoute de musiques m\u00e9di\u00e9vales et r\u00e9form\u00e9es sur les orgues du temple. Visite anim\u00e9e par Daniel Thomas, musicien et licenci\u00e9 \u00e8s Lettres. Partie de la visite en plein air, pr\u00e9voir une tenue adapt\u00e9e \u00e0 la m\u00e9t\u00e9o. Acc\u00e8s par train LEB jusqu\u2019\u00e0 Echallens et ensuite car postal 434 pour Dommartin.<\/td>\n<\/tr>\n<tr class=\"odd\">\n<th>M\u00e9thode<\/th>\n<td>Visite, observation, dialogue, questions et \u00e9coute musicale<\/td>\n<\/tr>\n<tr class=\"even\">\n<th>Lieu<\/th>\n<td>Arr\u00eat du Bus postal 434 Dommartin, Village (route du Temple 1 Montilliez)<\/td>\n<\/tr>\n<tr class=\"odd\">\n<th>Tarif normal<\/th>\n<td>CHF 25.00<\/td>\n<\/tr>\n<tr class=\"even\">\n<th>Quand<\/th>\n<td>\n<ul>\n<li>Vendredi, 21 Septembre, 2018 \u2013 17:00<\/li>\n<\/ul>\n<\/td>\n<\/tr>\n<\/tbody>\n<\/table>\n<\/div>\n<\/div>\n<\/div>\n<\/div>\n<\/div>\n<p>Cure de Dommartin:<br \/>\n<a href=\"http:\/\/www.irreel.ch\/blog\/wp-content\/uploads\/cure-dommartin.jpg\"><img loading=\"lazy\" decoding=\"async\" class=\"alignnone size-full wp-image-4706\" src=\"http:\/\/www.irreel.ch\/blog\/wp-content\/uploads\/cure-dommartin.jpg\" alt=\"\" width=\"1200\" height=\"900\" srcset=\"https:\/\/www.irreel.ch\/blog\/wp-content\/uploads\/cure-dommartin.jpg 1200w, https:\/\/www.irreel.ch\/blog\/wp-content\/uploads\/cure-dommartin-150x113.jpg 150w, https:\/\/www.irreel.ch\/blog\/wp-content\/uploads\/cure-dommartin-300x225.jpg 300w, https:\/\/www.irreel.ch\/blog\/wp-content\/uploads\/cure-dommartin-768x576.jpg 768w, https:\/\/www.irreel.ch\/blog\/wp-content\/uploads\/cure-dommartin-1024x768.jpg 1024w\" sizes=\"auto, (max-width: 1200px) 100vw, 1200px\" \/><\/a><\/p>\n","protected":false},"excerpt":{"rendered":"<p>Dommartin, ancienne petite ville fortifi\u00e9e et importante ch\u00e2tellenie du Jorat Balade \u00e0 Dommartin Par Daniel Thomas, formateur dipl\u00f4m\u00e9 organiste dipl\u00f4m\u00e9, carillonneur, licenci\u00e9 \u00e8s Lettres Visite uniquement sur r\u00e9servation! Par internet ou par t\u00e9l\u00e9phone: T.&#46;&#46;&#46;<\/p>\n","protected":false},"author":191,"featured_media":4704,"comment_status":"closed","ping_status":"closed","sticky":false,"template":"","format":"standard","meta":{"sfsi_plus_gutenberg_text_before_share":"","sfsi_plus_gutenberg_show_text_before_share":"","sfsi_plus_gutenberg_icon_type":"","sfsi_plus_gutenberg_icon_alignemt":"","sfsi_plus_gutenburg_max_per_row":"","_EventAllDay":false,"_EventTimezone":"","_EventStartDate":"","_EventEndDate":"","_EventStartDateUTC":"","_EventEndDateUTC":"","_EventShowMap":false,"_EventShowMapLink":false,"_EventURL":"","_EventCost":"","_EventCostDescription":"","_EventCurrencySymbol":"","_EventCurrencyCode":"","_EventCurrencyPosition":"","_EventDateTimeSeparator":"","_EventTimeRangeSeparator":"","_EventOrganizerID":[],"_EventVenueID":[],"_OrganizerEmail":"","_OrganizerPhone":"","_OrganizerWebsite":"","_VenueAddress":"","_VenueCity":"","_VenueCountry":"","_VenueProvince":"","_VenueState":"","_VenueZip":"","_VenuePhone":"","_VenueURL":"","_VenueStateProvince":"","_VenueLat":"","_VenueLng":"","_VenueShowMap":false,"_VenueShowMapLink":false,"footnotes":""},"categories":[584],"tags":[593,585],"class_list":["post-4703","post","type-post","status-publish","format-standard","has-post-thumbnail","hentry","category-visite-guidee","tag-chateau","tag-visite-guidee"],"_links":{"self":[{"href":"https:\/\/www.irreel.ch\/blog\/wp-json\/wp\/v2\/posts\/4703","targetHints":{"allow":["GET"]}}],"collection":[{"href":"https:\/\/www.irreel.ch\/blog\/wp-json\/wp\/v2\/posts"}],"about":[{"href":"https:\/\/www.irreel.ch\/blog\/wp-json\/wp\/v2\/types\/post"}],"author":[{"embeddable":true,"href":"https:\/\/www.irreel.ch\/blog\/wp-json\/wp\/v2\/users\/191"}],"replies":[{"embeddable":true,"href":"https:\/\/www.irreel.ch\/blog\/wp-json\/wp\/v2\/comments?post=4703"}],"version-history":[{"count":3,"href":"https:\/\/www.irreel.ch\/blog\/wp-json\/wp\/v2\/posts\/4703\/revisions"}],"predecessor-version":[{"id":6728,"href":"https:\/\/www.irreel.ch\/blog\/wp-json\/wp\/v2\/posts\/4703\/revisions\/6728"}],"wp:featuredmedia":[{"embeddable":true,"href":"https:\/\/www.irreel.ch\/blog\/wp-json\/wp\/v2\/media\/4704"}],"wp:attachment":[{"href":"https:\/\/www.irreel.ch\/blog\/wp-json\/wp\/v2\/media?parent=4703"}],"wp:term":[{"taxonomy":"category","embeddable":true,"href":"https:\/\/www.irreel.ch\/blog\/wp-json\/wp\/v2\/categories?post=4703"},{"taxonomy":"post_tag","embeddable":true,"href":"https:\/\/www.irreel.ch\/blog\/wp-json\/wp\/v2\/tags?post=4703"}],"curies":[{"name":"wp","href":"https:\/\/api.w.org\/{rel}","templated":true}]}}