{"id":4659,"date":"2018-06-07T23:10:27","date_gmt":"2018-06-07T21:10:27","guid":{"rendered":"http:\/\/www.irreel.ch\/blog\/?p=4659"},"modified":"2022-12-22T16:49:50","modified_gmt":"2022-12-22T15:49:50","slug":"bottens-ses-trois-clochers-ses-deux-eglises-ses-deux-chateaux-et-ses-croix-de-rogations","status":"publish","type":"post","link":"https:\/\/www.irreel.ch\/blog\/bottens-ses-trois-clochers-ses-deux-eglises-ses-deux-chateaux-et-ses-croix-de-rogations\/","title":{"rendered":"Bottens, ses trois clochers, ses deux \u00e9glises, ses deux ch\u00e2teaux et ses croix de rogations"},"content":{"rendered":"\n<figure class=\"wp-block-image\"><img loading=\"lazy\" decoding=\"async\" width=\"1200\" height=\"899\" src=\"http:\/\/www.irreel.ch\/blog\/wp-content\/uploads\/bottens-clochers2_Fotor.jpg\" alt=\"Bottens\" class=\"wp-image-4661\" srcset=\"https:\/\/www.irreel.ch\/blog\/wp-content\/uploads\/bottens-clochers2_Fotor.jpg 1200w, https:\/\/www.irreel.ch\/blog\/wp-content\/uploads\/bottens-clochers2_Fotor-150x112.jpg 150w, https:\/\/www.irreel.ch\/blog\/wp-content\/uploads\/bottens-clochers2_Fotor-300x225.jpg 300w, https:\/\/www.irreel.ch\/blog\/wp-content\/uploads\/bottens-clochers2_Fotor-768x575.jpg 768w, https:\/\/www.irreel.ch\/blog\/wp-content\/uploads\/bottens-clochers2_Fotor-1024x767.jpg 1024w\" sizes=\"auto, (max-width: 1200px) 100vw, 1200px\" \/><\/figure>\n\n\n\n<div class=\"region region-content\">\n<div id=\"block-system-main\" class=\"block block-system first last odd\">\n<div class=\"content\">\n<div id=\"node-4458\" class=\"node node-activity view-mode-full node-by-viewer clearfix\">\n<div class=\"content\">\n<div class=\"activity-header clearfix\">\n<h2>Visite du village de Bottens<\/h2>\n<div class=\"teacher-box\">Par Daniel Thomas, formateur dipl\u00f4m\u00e9<br>organiste dipl\u00f4m\u00e9, carillonneur, licenci\u00e9 \u00e8s Lettres<\/div>\n<\/div>\n<div>&nbsp;<\/div>\n<div class=\"activity-header clearfix\">\n<div>Vous pourrez-vous voir sur le site langages.ch quand la visite sera donn\u00e9e \u00e0 nouveau : <a href=\"http:\/\/www.langages.ch\/blog\/tag\/visite-guidee\/\" target=\"_blank\" rel=\"noopener noreferrer\">http:\/\/www.langages.ch\/blog\/tag\/visite-guidee\/<\/a>.<\/div>\n<div>Vous pouvez aussi r\u00e9server une visite priv\u00e9e pour une famille, un groupe ou vous-m\u00eames sur la page de <a href=\"http:\/\/www.irreel.ch\/blog\/plan\/contact\/\">contact<\/a>.<\/div>\n<\/div>\n<table class=\"activity-box\">\n<tbody>\n<tr class=\"odd\">\n<th>Saison \/ No. cours<\/th>\n<td>134 \/ 05-1<\/td>\n<\/tr>\n<tr class=\"even\">\n<th>P\u00e9riode<\/th>\n<td>Date \u00e0 fixer<\/td>\n<\/tr>\n<tr class=\"odd\">\n<th>Dur\u00e9e<\/th>\n<td>1 s\u00e9ances, 2 p\u00e9riodes de 45 min.<\/td>\n<\/tr>\n<tr class=\"even\">\n<th>Participants<\/th>\n<td>12 maximum<\/td>\n<\/tr>\n<tr class=\"odd\">\n<th>Objectifs<\/th>\n<td>Etudier un village vaudois qui a r\u00e9sist\u00e9 \u00e0 la R\u00e9forme dans un canton r\u00e9form\u00e9<br>Etude d\u2019une tradition des processions aux croix de rogations dans le village<br>\u00c9tude de l\u2019architecture, des fresques et des vitraux des deux \u00e9glises gothique et n\u00e9o-gothique<br>Etudes des ch\u00e2teaux de la seigneurie de Bottens, pr\u00e9sents sur deux sites.<br>Ecoute de musiques catholiques et r\u00e9form\u00e9es sur les orgues<\/td>\n<\/tr>\n<tr class=\"even\">\n<th>Contenu<\/th>\n<td>Visite guid\u00e9e de Bottens aux deux \u00e9glises, un village \u00e0 majorit\u00e9 catholique en canton r\u00e9form\u00e9. B. n&rsquo;adh\u00e9ra pas totalement \u00e0 la R\u00e9forme et devint paroisse mixte. Vu la r\u00e9sistance de ses habitants, Berne renon\u00e7a \u00e0 imposer la R\u00e9forme dans ce village. Etudes des ch\u00e2teaux de la seigneurie de Bottens, pr\u00e9sents sur deux sites, le site du ch\u00e2teau m\u00e9di\u00e9val puis celui de l\u2019\u00e9poque de la r\u00e9forme, la ferme actuelle que l\u2019on appelle le ch\u00e2teau.\u2028Eglise du XIIe s., r\u00e9nov\u00e9e en 1711, faisant partie de la paroisse de l\u2019Abbaye de Montheron jusqu\u2019\u00e0 la R\u00e9forme, puis ayant servi aux deux confessions, catholiques et protestants jusqu\u2019\u00e0 la construction de l\u2019\u00e9glise catholique en 1848.\u2028 Un des premiers \u00e9difices n\u00e9o-gothiques du canton de Vaud construit par l\u2019architecte Perregaux. Vitraux r\u00e9alis\u00e9s par le ma\u00eetre-verrier Th\u00e9voz dans le choeur et la nef.\u2028 Fresques (un stabat mater dolorosa et un tryptique de l\u2019incarnation) de Louis Rivier dans les deux \u00e9glises. \u2028Belles croix de rogations dans les rues du village. Magnifique cure avec son four \u00e0 pain.\u2028 Ecoute de musiques catholiques et r\u00e9form\u00e9es sur les orgues de l\u2019\u00e9glise. Visite anim\u00e9e par Daniel Thomas, musicien et licenci\u00e9 \u00e8s Lettres. Partie de la visite en plein air, pr\u00e9voir une tenue adapt\u00e9e \u00e0 la m\u00e9t\u00e9o. Acc\u00e8s par bus T-L 60.<\/td>\n<\/tr>\n<tr class=\"odd\">\n<th>M\u00e9thode<\/th>\n<td>Visite, observation, dialogue, questions et \u00e9coute musicale<\/td>\n<\/tr>\n<tr class=\"even\">\n<th>Lieu<\/th>\n<td>Arr\u00eat du Bus T-L 60 Bottens, Crois\u00e9e<\/td>\n<\/tr>\n<tr class=\"odd\">\n<th>Tarif normal<\/th>\n<td>&nbsp;<\/td>\n<\/tr>\n<tr class=\"even\">\n<th>Quand<\/th>\n<td>A fixer<\/td>\n<\/tr>\n<\/tbody>\n<\/table>\n<\/div>\n<\/div>\n<\/div>\n<\/div>\n<\/div>\n\n\n\n<figure class=\"wp-block-image\"><img loading=\"lazy\" decoding=\"async\" width=\"1600\" height=\"537\" src=\"http:\/\/www.irreel.ch\/blog\/wp-content\/uploads\/Bottens-cure-22.jpg\" alt=\"Bottens la cure\" class=\"wp-image-4660\" srcset=\"https:\/\/www.irreel.ch\/blog\/wp-content\/uploads\/Bottens-cure-22.jpg 1600w, https:\/\/www.irreel.ch\/blog\/wp-content\/uploads\/Bottens-cure-22-150x50.jpg 150w, https:\/\/www.irreel.ch\/blog\/wp-content\/uploads\/Bottens-cure-22-300x101.jpg 300w, https:\/\/www.irreel.ch\/blog\/wp-content\/uploads\/Bottens-cure-22-768x258.jpg 768w, https:\/\/www.irreel.ch\/blog\/wp-content\/uploads\/Bottens-cure-22-1024x344.jpg 1024w\" sizes=\"auto, (max-width: 1600px) 100vw, 1600px\" \/><\/figure>\n\n\n\n<p>Les deux orgues de l&rsquo;\u00e9glise St-Etienne:<\/p>\n\n\n\n<figure class=\"wp-block-image\"><img loading=\"lazy\" decoding=\"async\" width=\"1200\" height=\"270\" src=\"http:\/\/www.irreel.ch\/blog\/wp-content\/uploads\/deux-orgues-Bottens.jpg\" alt=\"\" class=\"wp-image-4671\" srcset=\"https:\/\/www.irreel.ch\/blog\/wp-content\/uploads\/deux-orgues-Bottens.jpg 1200w, https:\/\/www.irreel.ch\/blog\/wp-content\/uploads\/deux-orgues-Bottens-150x34.jpg 150w, https:\/\/www.irreel.ch\/blog\/wp-content\/uploads\/deux-orgues-Bottens-300x68.jpg 300w, https:\/\/www.irreel.ch\/blog\/wp-content\/uploads\/deux-orgues-Bottens-768x173.jpg 768w, https:\/\/www.irreel.ch\/blog\/wp-content\/uploads\/deux-orgues-Bottens-1024x230.jpg 1024w\" sizes=\"auto, (max-width: 1200px) 100vw, 1200px\" \/><\/figure>\n\n\n\n<p>L&rsquo;orgue de tribune:<\/p>\n\n\n\n<figure class=\"wp-block-image\"><img loading=\"lazy\" decoding=\"async\" width=\"1200\" height=\"899\" src=\"http:\/\/www.irreel.ch\/blog\/wp-content\/uploads\/orgues-bottens-tribune.jpg\" alt=\"\" class=\"wp-image-4668\" srcset=\"https:\/\/www.irreel.ch\/blog\/wp-content\/uploads\/orgues-bottens-tribune.jpg 1200w, https:\/\/www.irreel.ch\/blog\/wp-content\/uploads\/orgues-bottens-tribune-150x112.jpg 150w, https:\/\/www.irreel.ch\/blog\/wp-content\/uploads\/orgues-bottens-tribune-300x225.jpg 300w, https:\/\/www.irreel.ch\/blog\/wp-content\/uploads\/orgues-bottens-tribune-768x575.jpg 768w, https:\/\/www.irreel.ch\/blog\/wp-content\/uploads\/orgues-bottens-tribune-1024x767.jpg 1024w\" sizes=\"auto, (max-width: 1200px) 100vw, 1200px\" \/><\/figure>\n","protected":false},"excerpt":{"rendered":"<p>Visite du village de Bottens Par Daniel Thomas, formateur dipl\u00f4m\u00e9organiste dipl\u00f4m\u00e9, carillonneur, licenci\u00e9 \u00e8s Lettres &nbsp; Vous pourrez-vous voir sur le site langages.ch quand la visite sera donn\u00e9e \u00e0 nouveau : http:\/\/www.langages.ch\/blog\/tag\/visite-guidee\/. Vous pouvez&#46;&#46;&#46;<\/p>\n","protected":false},"author":191,"featured_media":4661,"comment_status":"open","ping_status":"closed","sticky":false,"template":"","format":"standard","meta":{"sfsi_plus_gutenberg_text_before_share":"","sfsi_plus_gutenberg_show_text_before_share":"","sfsi_plus_gutenberg_icon_type":"","sfsi_plus_gutenberg_icon_alignemt":"","sfsi_plus_gutenburg_max_per_row":"","_EventAllDay":false,"_EventTimezone":"","_EventStartDate":"","_EventEndDate":"","_EventStartDateUTC":"","_EventEndDateUTC":"","_EventShowMap":false,"_EventShowMapLink":false,"_EventURL":"","_EventCost":"","_EventCostDescription":"","_EventCurrencySymbol":"","_EventCurrencyCode":"","_EventCurrencyPosition":"","_EventDateTimeSeparator":"","_EventTimeRangeSeparator":"","_EventOrganizerID":[],"_EventVenueID":[],"_OrganizerEmail":"","_OrganizerPhone":"","_OrganizerWebsite":"","_VenueAddress":"","_VenueCity":"","_VenueCountry":"","_VenueProvince":"","_VenueState":"","_VenueZip":"","_VenuePhone":"","_VenueURL":"","_VenueStateProvince":"","_VenueLat":"","_VenueLng":"","_VenueShowMap":false,"_VenueShowMapLink":false,"footnotes":""},"categories":[67,584],"tags":[146,594,597,586,533],"class_list":["post-4659","post","type-post","status-publish","format-standard","has-post-thumbnail","hentry","category-orgue","category-visite-guidee","tag-cloche","tag-clocher","tag-croix","tag-eglise","tag-orgue"],"_links":{"self":[{"href":"https:\/\/www.irreel.ch\/blog\/wp-json\/wp\/v2\/posts\/4659","targetHints":{"allow":["GET"]}}],"collection":[{"href":"https:\/\/www.irreel.ch\/blog\/wp-json\/wp\/v2\/posts"}],"about":[{"href":"https:\/\/www.irreel.ch\/blog\/wp-json\/wp\/v2\/types\/post"}],"author":[{"embeddable":true,"href":"https:\/\/www.irreel.ch\/blog\/wp-json\/wp\/v2\/users\/191"}],"replies":[{"embeddable":true,"href":"https:\/\/www.irreel.ch\/blog\/wp-json\/wp\/v2\/comments?post=4659"}],"version-history":[{"count":11,"href":"https:\/\/www.irreel.ch\/blog\/wp-json\/wp\/v2\/posts\/4659\/revisions"}],"predecessor-version":[{"id":6966,"href":"https:\/\/www.irreel.ch\/blog\/wp-json\/wp\/v2\/posts\/4659\/revisions\/6966"}],"wp:featuredmedia":[{"embeddable":true,"href":"https:\/\/www.irreel.ch\/blog\/wp-json\/wp\/v2\/media\/4661"}],"wp:attachment":[{"href":"https:\/\/www.irreel.ch\/blog\/wp-json\/wp\/v2\/media?parent=4659"}],"wp:term":[{"taxonomy":"category","embeddable":true,"href":"https:\/\/www.irreel.ch\/blog\/wp-json\/wp\/v2\/categories?post=4659"},{"taxonomy":"post_tag","embeddable":true,"href":"https:\/\/www.irreel.ch\/blog\/wp-json\/wp\/v2\/tags?post=4659"}],"curies":[{"name":"wp","href":"https:\/\/api.w.org\/{rel}","templated":true}]}}