{"id":4606,"date":"2017-05-13T06:53:13","date_gmt":"2017-05-13T04:53:13","guid":{"rendered":"http:\/\/www.irreel.ch\/blog\/?p=4606"},"modified":"2019-03-14T16:13:03","modified_gmt":"2019-03-14T14:13:03","slug":"le-carillon-de-48-cloches-larchitecture-et-les-vitraux-de-leglise-de-la-rosiaz","status":"publish","type":"post","link":"https:\/\/www.irreel.ch\/blog\/le-carillon-de-48-cloches-larchitecture-et-les-vitraux-de-leglise-de-la-rosiaz\/","title":{"rendered":"Le carillon de 48 cloches, l&rsquo;architecture et les vitraux de l&rsquo;\u00e9glise de la Rosiaz"},"content":{"rendered":"<p>Grand vitrail nord \u00ab\u00a0soleil\u00a0\u00bb de Bodjol:<br \/>\n<a href=\"http:\/\/www.irreel.ch\/blog\/wp-content\/uploads\/vitrail-rosiaz-bodjol-jaune.jpg\"><img loading=\"lazy\" decoding=\"async\" src=\"http:\/\/www.irreel.ch\/blog\/wp-content\/uploads\/vitrail-rosiaz-bodjol-jaune.jpg\" alt=\"\" width=\"1200\" height=\"852\" class=\"alignleft size-full wp-image-4607\" srcset=\"https:\/\/www.irreel.ch\/blog\/wp-content\/uploads\/vitrail-rosiaz-bodjol-jaune.jpg 1200w, https:\/\/www.irreel.ch\/blog\/wp-content\/uploads\/vitrail-rosiaz-bodjol-jaune-150x107.jpg 150w, https:\/\/www.irreel.ch\/blog\/wp-content\/uploads\/vitrail-rosiaz-bodjol-jaune-300x213.jpg 300w, https:\/\/www.irreel.ch\/blog\/wp-content\/uploads\/vitrail-rosiaz-bodjol-jaune-768x545.jpg 768w, https:\/\/www.irreel.ch\/blog\/wp-content\/uploads\/vitrail-rosiaz-bodjol-jaune-1024x727.jpg 1024w\" sizes=\"auto, (max-width: 1200px) 100vw, 1200px\" \/><\/a><\/p>\n<h3 id=\"page-title\" class=\"title\">Le carillon de 48 cloches, l&rsquo;architecture et les vitraux de l&rsquo;\u00e9glise de la Rosiaz<\/h3>\n<div class=\"region region-content\">\n<div id=\"block-system-main\" class=\"block block-system first last odd\">\n<div class=\"content\">\n<div id=\"node-3877\" class=\"node node-activity view-mode-full clearfix\">\n<div class=\"content\">\n<div class=\"activity-header clearfix\">\n<div class=\"teacher-box\">Par Daniel Thomas, formateur dipl\u00f4m\u00e9<br \/>\norganiste dipl\u00f4m\u00e9, carillonneur, licenci\u00e9 \u00e8s Lettres<\/div>\n<div class=\"subscription-box-wrapper\">\n<div class=\"subscription-box \">\n<p>Vous pourrez-vous voir sur le site langages.ch quand la visite sera donn\u00e9e \u00e0 nouveau : <a href=\"http:\/\/www.langages.ch\/blog\/tag\/visite-guidee\/\" target=\"_blank\" rel=\"noopener noreferrer\">http:\/\/www.langages.ch\/blog\/tag\/visite-guidee\/<\/a><\/p>\n<\/div>\n<\/div>\n<\/div>\n<table class=\"activity-box\">\n<tbody>\n<tr class=\"odd\">\n<th>Dur\u00e9e<\/th>\n<td>1 s\u00e9ances, 3 p\u00e9riodes de 45 min.<\/td>\n<\/tr>\n<tr class=\"even\">\n<th>Quand<\/th>\n<td>\n<ul>\n<li>Samedi, 17 Juin, 2017 &#8211; 10:00<\/li>\n<\/ul>\n<\/td>\n<\/tr>\n<tr class=\"odd\">\n<th>Participants<\/th>\n<td>12 maximum<\/td>\n<\/tr>\n<tr class=\"even\">\n<th>Objectifs<\/th>\n<td>Etude de l&rsquo;oeuvre d&rsquo;un architecte lausannois des ann\u00e9es 50<br \/>\nD\u00e9couverte de l&rsquo;un des plus grands carillons suisses<br \/>\nEtude des vitraux de deux peintres romands<br \/>\nAspects de l\u2019histoire des carillons en Suisse et de la fabrication des cloches de carillon<br \/>\nToucher et comprendre le clavier d&rsquo;un grand carillon m\u00e9canique<\/td>\n<\/tr>\n<tr class=\"odd\">\n<th>Contenu<\/th>\n<td>Visite guid\u00e9e de l\u2019\u00e9glise de La Rosiaz, son architecture, ses vitraux, ses ferroneries puis visite du carillon de Chantemerle et petit concert au carillon par Daniel Thomas, carillonneur. Dessin architectural de Paul Lavenex. Riche ornementation en vitraux des peintres Bodjol et Edmond Bille. Belles ferronneries d&rsquo;art. L\u2019\u00e9glise de Pully-La-Rosiaz a \u00e9t\u00e9 inaugur\u00e9e le 26 avril 1953. Elle a \u00e9t\u00e9 construite avec une large tour, un beau clocher, un grand beffroi en pr\u00e9voyant l\u2019installation d\u2019un carillon. L\u2019emplacement de l\u2019\u00e9glise construite par l\u2019architecte lausannois Paul Lavenex est d\u2019une beaut\u00e9 exceptionnelle. Elle jouit d\u2019un tr\u00e8s belle situation, dominant l\u2019esplanade de Chantemerle, avec son jardin et un balcon ouvert sur le lac L\u00e9man et des Alpes de Savoie. Le Carillon de Chantemerle avec ses 4 octaves et 48 cloches s&rsquo;est agrandi au printemps 2014 en recevant 24 nouvelles cloches. Il permet un tr\u00e8s riche, sensible et expressif jeu musical, proche du piano, percussion toute en nuances. Pr\u00e9sentation d&rsquo;aspects de l&rsquo;histoire des carillons en Suisse et de la fabrication des cloches de carillon. Pr\u00e9sentation des orgues de l\u2019\u00e9glise, de 1958, Manufacture de Gen\u00e8ve. Partie de la visite en plein air, pr\u00e9voir une tenue adapt\u00e9e. Acc\u00e8s en bus: Bus tl 7: Rosiaz; tl 48: Les Liaudes. Acc\u00e8s aussi par trains cff: gare de Pully-Nord.<\/td>\n<\/tr>\n<tr class=\"even\">\n<th>M\u00e9thode<\/th>\n<td>Regards, \u00e9coute, d\u00e9couverte des paysages ext\u00e9rieurs et int\u00e9rieurs<\/td>\n<\/tr>\n<tr class=\"odd\">\n<th>Lieu<\/th>\n<td>Eglise de la Rosiaz, avenue de Belmont 3, 1009 Pully<\/td>\n<\/tr>\n<tr class=\"even\">\n<th>Tarif normal<\/th>\n<td><\/td>\n<\/tr>\n<\/tbody>\n<\/table>\n<\/div>\n<\/div>\n<\/div>\n<\/div>\n<\/div>\n<p>Jeux des teintes dans l&rsquo;\u00e9glise, ferronneries et verres teint\u00e9es et reflets sur le sol de marbre:<br \/>\n<a href=\"http:\/\/www.irreel.ch\/blog\/wp-content\/uploads\/portail-fer-teintes.jpg\"><img loading=\"lazy\" decoding=\"async\" src=\"http:\/\/www.irreel.ch\/blog\/wp-content\/uploads\/portail-fer-teintes.jpg\" alt=\"\" width=\"1200\" height=\"1057\" class=\"alignleft size-full wp-image-4610\" srcset=\"https:\/\/www.irreel.ch\/blog\/wp-content\/uploads\/portail-fer-teintes.jpg 1200w, https:\/\/www.irreel.ch\/blog\/wp-content\/uploads\/portail-fer-teintes-150x132.jpg 150w, https:\/\/www.irreel.ch\/blog\/wp-content\/uploads\/portail-fer-teintes-300x264.jpg 300w, https:\/\/www.irreel.ch\/blog\/wp-content\/uploads\/portail-fer-teintes-768x676.jpg 768w, https:\/\/www.irreel.ch\/blog\/wp-content\/uploads\/portail-fer-teintes-1024x902.jpg 1024w\" sizes=\"auto, (max-width: 1200px) 100vw, 1200px\" \/><\/a><\/p>\n","protected":false},"excerpt":{"rendered":"<p>Grand vitrail nord \u00ab\u00a0soleil\u00a0\u00bb de Bodjol: Le carillon de 48 cloches, l&rsquo;architecture et les vitraux de l&rsquo;\u00e9glise de la Rosiaz Par Daniel Thomas, formateur dipl\u00f4m\u00e9 organiste dipl\u00f4m\u00e9, carillonneur, licenci\u00e9 \u00e8s Lettres Vous pourrez-vous voir&#46;&#46;&#46;<\/p>\n","protected":false},"author":191,"featured_media":4607,"comment_status":"closed","ping_status":"closed","sticky":false,"template":"","format":"standard","meta":{"sfsi_plus_gutenberg_text_before_share":"","sfsi_plus_gutenberg_show_text_before_share":"","sfsi_plus_gutenberg_icon_type":"","sfsi_plus_gutenberg_icon_alignemt":"","sfsi_plus_gutenburg_max_per_row":"","_EventAllDay":false,"_EventTimezone":"","_EventStartDate":"","_EventEndDate":"","_EventStartDateUTC":"","_EventEndDateUTC":"","_EventShowMap":false,"_EventShowMapLink":false,"_EventURL":"","_EventCost":"","_EventCostDescription":"","_EventCurrencySymbol":"","_EventCurrencyCode":"","_EventCurrencyPosition":"","_EventDateTimeSeparator":"","_EventTimeRangeSeparator":"","_EventOrganizerID":[],"_EventVenueID":[],"_OrganizerEmail":"","_OrganizerPhone":"","_OrganizerWebsite":"","_VenueAddress":"","_VenueCity":"","_VenueCountry":"","_VenueProvince":"","_VenueState":"","_VenueZip":"","_VenuePhone":"","_VenueURL":"","_VenueStateProvince":"","_VenueLat":"","_VenueLng":"","_VenueShowMap":false,"_VenueShowMapLink":false,"footnotes":""},"categories":[143,584],"tags":[544,586,596,585,595],"class_list":["post-4606","post","type-post","status-publish","format-standard","has-post-thumbnail","hentry","category-carillon","category-visite-guidee","tag-carillon","tag-eglise","tag-ferroneries","tag-visite-guidee","tag-vitraux"],"_links":{"self":[{"href":"https:\/\/www.irreel.ch\/blog\/wp-json\/wp\/v2\/posts\/4606","targetHints":{"allow":["GET"]}}],"collection":[{"href":"https:\/\/www.irreel.ch\/blog\/wp-json\/wp\/v2\/posts"}],"about":[{"href":"https:\/\/www.irreel.ch\/blog\/wp-json\/wp\/v2\/types\/post"}],"author":[{"embeddable":true,"href":"https:\/\/www.irreel.ch\/blog\/wp-json\/wp\/v2\/users\/191"}],"replies":[{"embeddable":true,"href":"https:\/\/www.irreel.ch\/blog\/wp-json\/wp\/v2\/comments?post=4606"}],"version-history":[{"count":5,"href":"https:\/\/www.irreel.ch\/blog\/wp-json\/wp\/v2\/posts\/4606\/revisions"}],"predecessor-version":[{"id":5894,"href":"https:\/\/www.irreel.ch\/blog\/wp-json\/wp\/v2\/posts\/4606\/revisions\/5894"}],"wp:featuredmedia":[{"embeddable":true,"href":"https:\/\/www.irreel.ch\/blog\/wp-json\/wp\/v2\/media\/4607"}],"wp:attachment":[{"href":"https:\/\/www.irreel.ch\/blog\/wp-json\/wp\/v2\/media?parent=4606"}],"wp:term":[{"taxonomy":"category","embeddable":true,"href":"https:\/\/www.irreel.ch\/blog\/wp-json\/wp\/v2\/categories?post=4606"},{"taxonomy":"post_tag","embeddable":true,"href":"https:\/\/www.irreel.ch\/blog\/wp-json\/wp\/v2\/tags?post=4606"}],"curies":[{"name":"wp","href":"https:\/\/api.w.org\/{rel}","templated":true}]}}