{"id":4565,"date":"2017-05-12T06:42:58","date_gmt":"2017-05-12T04:42:58","guid":{"rendered":"http:\/\/www.irreel.ch\/blog\/?p=4565"},"modified":"2018-08-21T22:22:44","modified_gmt":"2018-08-21T20:22:44","slug":"mex-son-temple-et-ses-trois-chateaux","status":"publish","type":"post","link":"https:\/\/www.irreel.ch\/blog\/mex-son-temple-et-ses-trois-chateaux\/","title":{"rendered":"Mex, son temple et ses trois ch\u00e2teaux"},"content":{"rendered":"<p>L&rsquo;ange organiste de l&rsquo;\u00e9glise, de la grande peinture murale de Louis Rivier, l&rsquo;alleluia de l&rsquo;Apocalypse.<br \/>\n<a href=\"http:\/\/www.irreel.ch\/blog\/wp-content\/uploads\/ange-organiste_Fotorbleu2.jpg\"><img loading=\"lazy\" decoding=\"async\" class=\"alignleft size-full wp-image-4580\" src=\"http:\/\/www.irreel.ch\/blog\/wp-content\/uploads\/ange-organiste_Fotorbleu2.jpg\" alt=\"Ange organiste\" width=\"1200\" height=\"999\" srcset=\"https:\/\/www.irreel.ch\/blog\/wp-content\/uploads\/ange-organiste_Fotorbleu2.jpg 1200w, https:\/\/www.irreel.ch\/blog\/wp-content\/uploads\/ange-organiste_Fotorbleu2-150x125.jpg 150w, https:\/\/www.irreel.ch\/blog\/wp-content\/uploads\/ange-organiste_Fotorbleu2-300x250.jpg 300w, https:\/\/www.irreel.ch\/blog\/wp-content\/uploads\/ange-organiste_Fotorbleu2-768x639.jpg 768w, https:\/\/www.irreel.ch\/blog\/wp-content\/uploads\/ange-organiste_Fotorbleu2-1024x852.jpg 1024w\" sizes=\"auto, (max-width: 1200px) 100vw, 1200px\" \/><\/a><\/p>\n<p>Vous pourrez-vous voir sur le site langages.ch quand la visite sera donn\u00e9e \u00e0 nouveau : <a href=\"http:\/\/www.langages.ch\/blog\/tag\/visite-guidee\/\" target=\"_blank\" rel=\"noopener noreferrer\">http:\/\/www.langages.ch\/blog\/tag\/visite-guidee\/<\/a><\/p>\n<p>Vous pouvez aussi r\u00e9server une visite priv\u00e9e pour une famille, un groupe ou vous-m\u00eames sur la page de <a href=\"http:\/\/www.irreel.ch\/blog\/plan\/contact\/\">contact<\/a>.<\/p>\n<h1 id=\"page-title\" class=\"title\">Mex, son temple du temps de la r\u00e9forme et ses trois ch\u00e2teaux<\/h1>\n<div class=\"region region-content\">\n<div id=\"block-system-main\" class=\"block block-system first last odd\">\n<div class=\"content\">\n<div id=\"node-3862\" class=\"node node-activity view-mode-full clearfix\">\n<div class=\"content\">\n<div class=\"activity-header clearfix\">\n<div class=\"teacher-box\">Par Daniel Thomas, formateur dipl\u00f4m\u00e9<br \/>\norganiste dipl\u00f4m\u00e9, carillonneur, licenci\u00e9 \u00e8s Lettres<\/div>\n<div class=\"subscription-box-wrapper\"><\/div>\n<\/div>\n<table class=\"activity-box\">\n<tbody>\n<tr class=\"odd\">\n<th>Dur\u00e9e<\/th>\n<td>1 s\u00e9ances, 2 p\u00e9riodes de 45 min.<\/td>\n<\/tr>\n<tr class=\"even\">\n<th>Quand<\/th>\n<td>\n<ul>\n<li>\u00e0 fixer<\/li>\n<\/ul>\n<\/td>\n<\/tr>\n<tr class=\"odd\">\n<th>Participants<\/th>\n<td><\/td>\n<\/tr>\n<tr class=\"even\">\n<th>Objectifs<\/th>\n<td>Etudier un village vaudois au temps des seigneuries et des fiefs<br \/>\nHistoire du ch\u00e2teau d\u2019en haut, du ch\u00e2teau d\u2019en-bas et de l\u2019ancienne place forte<br \/>\nEtudier le passage \u00e0 la r\u00e9forme, le vote du plus dans un village faisant partie du bailliage mixte de Berne et Fribourg<br \/>\n\u00c9tude de l\u2019architecture et des fresques du plus ancien temple enti\u00e8rement r\u00e9form\u00e9 en terre vaudoise<br \/>\nEcoute de musiques des \u00e9poques m\u00e9di\u00e9vales et r\u00e9form\u00e9es sur les orgues<\/td>\n<\/tr>\n<tr class=\"odd\">\n<th>Contenu<\/th>\n<td>Visite guid\u00e9e du site du village de Mex, ses ch\u00e2teaux et maisons fortes, les seigneurs de Charri\u00e8re et autres, le temple r\u00e9form\u00e9 du XVI\u00e8me s. avec ses fresques de Louis Rivier, oeuvres \u00e0 l\u2019origine du renouveau de l\u2019art sacr\u00e9 protestant vaudois. Etudier l\u2019\u00e9volution historique et architecturale d\u2019un site remarquable \u00e0 travers le temps, grandes fermes des ch\u00e2teaux, tours et jardins. Evocation du mode de vie au temps des seigneurs. Ecoute de musiques m\u00e9di\u00e9vales et r\u00e9form\u00e9es sur les orgues du temple. Visite anim\u00e9e par Daniel Thomas, musicien et licenci\u00e9 \u00e8s Lettres. Partie de la visite en plein air, pr\u00e9voir une tenue adapt\u00e9e \u00e0 la m\u00e9t\u00e9o. Acc\u00e8s par train CFF jusqu\u2019\u00e0 Vufflens-la-Ville, gare et ensuite car postal 10.056 pour Mex.<\/td>\n<\/tr>\n<tr class=\"even\">\n<th>M\u00e9thode<\/th>\n<td>Visite, observation, dialogue, questions et \u00e9coute musicale<\/td>\n<\/tr>\n<tr class=\"odd\">\n<th>Lieu<\/th>\n<td>Temple de Mex, rue du Temple 5, 1031 Mex<\/td>\n<\/tr>\n<tr class=\"even\">\n<th><\/th>\n<td><\/td>\n<\/tr>\n<\/tbody>\n<\/table>\n<\/div>\n<\/div>\n<\/div>\n<\/div>\n<\/div>\n<p>Les anges musiciens, vibrante musique c\u00e9leste, couleurs envol\u00e9es, ciel musical, alleluia de Louis Rivier:<br \/>\n<a href=\"http:\/\/www.irreel.ch\/blog\/wp-content\/uploads\/anges-alleluia_Fotor_vert.jpg\"><img loading=\"lazy\" decoding=\"async\" class=\"alignleft size-full wp-image-4582\" src=\"http:\/\/www.irreel.ch\/blog\/wp-content\/uploads\/anges-alleluia_Fotor_vert.jpg\" alt=\"anges musiciens\" width=\"1200\" height=\"615\" srcset=\"https:\/\/www.irreel.ch\/blog\/wp-content\/uploads\/anges-alleluia_Fotor_vert.jpg 1200w, https:\/\/www.irreel.ch\/blog\/wp-content\/uploads\/anges-alleluia_Fotor_vert-150x77.jpg 150w, https:\/\/www.irreel.ch\/blog\/wp-content\/uploads\/anges-alleluia_Fotor_vert-300x154.jpg 300w, https:\/\/www.irreel.ch\/blog\/wp-content\/uploads\/anges-alleluia_Fotor_vert-768x394.jpg 768w, https:\/\/www.irreel.ch\/blog\/wp-content\/uploads\/anges-alleluia_Fotor_vert-1024x525.jpg 1024w\" sizes=\"auto, (max-width: 1200px) 100vw, 1200px\" \/><\/a><\/p>\n<p>Le ch\u00e2teau d&rsquo;en-haut de Mex avec sa grande ferme, et le mur du potager o\u00f9 les arbres en espalier pouvaient s&rsquo;\u00e9panouir.<br \/>\n<a href=\"http:\/\/www.irreel.ch\/blog\/wp-content\/uploads\/chateau-de-Mex_Fotor_vert.jpg\"><img loading=\"lazy\" decoding=\"async\" class=\"alignleft size-full wp-image-4584\" src=\"http:\/\/www.irreel.ch\/blog\/wp-content\/uploads\/chateau-de-Mex_Fotor_vert.jpg\" alt=\"Ch\u00e2teau d'en-haut\" width=\"1200\" height=\"515\" srcset=\"https:\/\/www.irreel.ch\/blog\/wp-content\/uploads\/chateau-de-Mex_Fotor_vert.jpg 1200w, https:\/\/www.irreel.ch\/blog\/wp-content\/uploads\/chateau-de-Mex_Fotor_vert-150x64.jpg 150w, https:\/\/www.irreel.ch\/blog\/wp-content\/uploads\/chateau-de-Mex_Fotor_vert-300x129.jpg 300w, https:\/\/www.irreel.ch\/blog\/wp-content\/uploads\/chateau-de-Mex_Fotor_vert-768x330.jpg 768w, https:\/\/www.irreel.ch\/blog\/wp-content\/uploads\/chateau-de-Mex_Fotor_vert-1024x439.jpg 1024w\" sizes=\"auto, (max-width: 1200px) 100vw, 1200px\" \/><\/a><\/p>\n","protected":false},"excerpt":{"rendered":"<p>L&rsquo;ange organiste de l&rsquo;\u00e9glise, de la grande peinture murale de Louis Rivier, l&rsquo;alleluia de l&rsquo;Apocalypse. Vous pourrez-vous voir sur le site langages.ch quand la visite sera donn\u00e9e \u00e0 nouveau : http:\/\/www.langages.ch\/blog\/tag\/visite-guidee\/ Vous pouvez aussi&#46;&#46;&#46;<\/p>\n","protected":false},"author":191,"featured_media":4580,"comment_status":"closed","ping_status":"closed","sticky":false,"template":"","format":"standard","meta":{"sfsi_plus_gutenberg_text_before_share":"","sfsi_plus_gutenberg_show_text_before_share":"","sfsi_plus_gutenberg_icon_type":"","sfsi_plus_gutenberg_icon_alignemt":"","sfsi_plus_gutenburg_max_per_row":"","_EventAllDay":false,"_EventTimezone":"","_EventStartDate":"","_EventEndDate":"","_EventStartDateUTC":"","_EventEndDateUTC":"","_EventShowMap":false,"_EventShowMapLink":false,"_EventURL":"","_EventCost":"","_EventCostDescription":"","_EventCurrencySymbol":"","_EventCurrencyCode":"","_EventCurrencyPosition":"","_EventDateTimeSeparator":"","_EventTimeRangeSeparator":"","_EventOrganizerID":[],"_EventVenueID":[],"_OrganizerEmail":"","_OrganizerPhone":"","_OrganizerWebsite":"","_VenueAddress":"","_VenueCity":"","_VenueCountry":"","_VenueProvince":"","_VenueState":"","_VenueZip":"","_VenuePhone":"","_VenueURL":"","_VenueStateProvince":"","_VenueLat":"","_VenueLng":"","_VenueShowMap":false,"_VenueShowMapLink":false,"footnotes":""},"categories":[584],"tags":[593,586,508,585],"class_list":["post-4565","post","type-post","status-publish","format-standard","has-post-thumbnail","hentry","category-visite-guidee","tag-chateau","tag-eglise","tag-peinture","tag-visite-guidee"],"_links":{"self":[{"href":"https:\/\/www.irreel.ch\/blog\/wp-json\/wp\/v2\/posts\/4565","targetHints":{"allow":["GET"]}}],"collection":[{"href":"https:\/\/www.irreel.ch\/blog\/wp-json\/wp\/v2\/posts"}],"about":[{"href":"https:\/\/www.irreel.ch\/blog\/wp-json\/wp\/v2\/types\/post"}],"author":[{"embeddable":true,"href":"https:\/\/www.irreel.ch\/blog\/wp-json\/wp\/v2\/users\/191"}],"replies":[{"embeddable":true,"href":"https:\/\/www.irreel.ch\/blog\/wp-json\/wp\/v2\/comments?post=4565"}],"version-history":[{"count":8,"href":"https:\/\/www.irreel.ch\/blog\/wp-json\/wp\/v2\/posts\/4565\/revisions"}],"predecessor-version":[{"id":4694,"href":"https:\/\/www.irreel.ch\/blog\/wp-json\/wp\/v2\/posts\/4565\/revisions\/4694"}],"wp:featuredmedia":[{"embeddable":true,"href":"https:\/\/www.irreel.ch\/blog\/wp-json\/wp\/v2\/media\/4580"}],"wp:attachment":[{"href":"https:\/\/www.irreel.ch\/blog\/wp-json\/wp\/v2\/media?parent=4565"}],"wp:term":[{"taxonomy":"category","embeddable":true,"href":"https:\/\/www.irreel.ch\/blog\/wp-json\/wp\/v2\/categories?post=4565"},{"taxonomy":"post_tag","embeddable":true,"href":"https:\/\/www.irreel.ch\/blog\/wp-json\/wp\/v2\/tags?post=4565"}],"curies":[{"name":"wp","href":"https:\/\/api.w.org\/{rel}","templated":true}]}}