{"id":4552,"date":"2017-03-06T20:47:44","date_gmt":"2017-03-06T18:47:44","guid":{"rendered":"http:\/\/www.irreel.ch\/blog\/?p=4552"},"modified":"2020-09-17T06:29:09","modified_gmt":"2020-09-17T04:29:09","slug":"st-saphorin-en-lavaux-villa-romaine-eglise-gothique","status":"publish","type":"post","link":"https:\/\/www.irreel.ch\/blog\/st-saphorin-en-lavaux-villa-romaine-eglise-gothique\/","title":{"rendered":"St-Saphorin en Lavaux, villa romaine, \u00e9glise gothique"},"content":{"rendered":"<p>Saint-Saphorin en Lavaux, villa romaine, \u00e9glise gothique, entre les vignes et le lac<br \/>\n<a href=\"http:\/\/www.irreel.ch\/blog\/wp-content\/uploads\/saint-saphorin-lavaux.jpg\"><img loading=\"lazy\" decoding=\"async\" class=\"alignleft wp-image-4553 size-full\" src=\"http:\/\/www.irreel.ch\/blog\/wp-content\/uploads\/saint-saphorin-lavaux.jpg\" width=\"1200\" height=\"900\" srcset=\"https:\/\/www.irreel.ch\/blog\/wp-content\/uploads\/saint-saphorin-lavaux.jpg 1200w, https:\/\/www.irreel.ch\/blog\/wp-content\/uploads\/saint-saphorin-lavaux-150x113.jpg 150w, https:\/\/www.irreel.ch\/blog\/wp-content\/uploads\/saint-saphorin-lavaux-300x225.jpg 300w, https:\/\/www.irreel.ch\/blog\/wp-content\/uploads\/saint-saphorin-lavaux-768x576.jpg 768w, https:\/\/www.irreel.ch\/blog\/wp-content\/uploads\/saint-saphorin-lavaux-1024x768.jpg 1024w\" sizes=\"auto, (max-width: 1200px) 100vw, 1200px\" \/><\/a><\/p>\n<p>Vous pourrez-vous voir sur le site langages.ch quand la visite sera donn\u00e9e \u00e0 nouveau : <a href=\"http:\/\/www.langages.ch\/blog\/tag\/visite-guidee\/\" target=\"_blank\" rel=\"noopener noreferrer\">http:\/\/www.langages.ch\/blog\/tag\/visite-guidee\/<\/a><\/p>\n<p>Vous pouvez aussi r\u00e9server une visite priv\u00e9e pour une famille, un groupe ou vous-m\u00eames sur la page de <a href=\"http:\/\/www.irreel.ch\/blog\/plan\/contact\/\">contact<\/a>.<\/p>\n<h1 id=\"page-title\" class=\"title\">St-Saphorin en Lavaux, petit ville fond\u00e9e par l\u2019\u00e9v\u00eaque de Lausanne Marius en 580<\/h1>\n<div class=\"region region-content\">\n<div id=\"block-system-main\" class=\"block block-system first last odd\">\n<div class=\"content\">\n<div id=\"node-3884\" class=\"node node-activity view-mode-full clearfix\">\n<div class=\"content\">\n<div class=\"activity-header clearfix\">\n<div class=\"teacher-box\">Par Daniel Thomas, formateur dipl\u00f4m\u00e9<br \/>\norganiste dipl\u00f4m\u00e9, carillonneur, licenci\u00e9 \u00e8s Lettres<\/div>\n<div class=\"subscription-box-wrapper\"><\/div>\n<\/div>\n<table class=\"activity-box\">\n<tbody>\n<tr class=\"odd\">\n<th>Dur\u00e9e<\/th>\n<td>1 s\u00e9ances, 3 p\u00e9riodes de 45 min.<\/td>\n<\/tr>\n<tr class=\"even\">\n<th>Quand<\/th>\n<td>\n<ul>\n<li>\u00e0 fixer<\/li>\n<\/ul>\n<\/td>\n<\/tr>\n<tr class=\"odd\">\n<th>Participants<\/th>\n<td><\/td>\n<\/tr>\n<tr class=\"even\">\n<th>Objectifs<\/th>\n<td>Etudier l\u2019\u00e9volution historique d\u2019un site, romain, pal\u00e9ochr\u00e9tien, carolingien, gothique, r\u00e9form\u00e9<br \/>\nEtude de l&rsquo;architecture d\u2019une \u00e9glise gothique m\u00e9di\u00e9vale et de ses vitraux<br \/>\nParcours \u00e0 la d\u00e9couverte d&rsquo;un tr\u00e8s ancien site viticole et sacr\u00e9 dans ses multiples facettes<br \/>\nVisite des restes d\u2019une villa et d\u2019un temple romains, d\u2019un mausol\u00e9e chr\u00e9tien et d\u2019une \u00e9glise carolingienne<br \/>\nEcoute de musiques des \u00e9poques romaines, pal\u00e9ochr\u00e9tiennes, m\u00e9di\u00e9vales et r\u00e9form\u00e9es sur les orgues<\/td>\n<\/tr>\n<tr class=\"odd\">\n<th>Contenu<\/th>\n<td>Visite guid\u00e9e du site viticole de St-Saphorin. L&rsquo;endroit \u00e9tait d\u00e9j\u00e0 \u00e0 l\u2019\u00e9poque romaine une \u00e9tape sur la route menant de l&rsquo;Italie \u00e0 la Gaule; des fouilles ont permis de mettre au jour les restes d&rsquo;une villa romaine datant du Ier\u00a0si\u00e8cle ainsi que d&rsquo;une borne milliaire dat\u00e9e de l&rsquo;an 47. Au Ve\u00a0si\u00e8cle, le b\u00e2timent est transform\u00e9 en mausol\u00e9e chr\u00e9tien qui est enti\u00e8rement reb\u00e2ti \u00e0 la suite du raz-de-mar\u00e9e produit par l&rsquo;effondrement du mont Tauredunum en 563. L&rsquo;\u00e9v\u00eaque de Lausanne Marius d&rsquo;Avenches fait reconstruire, sur les ruines de l&rsquo;ancien b\u00e2timent, l&rsquo;\u00e9glise d\u00e9di\u00e9e \u00e0 Symphorien d&rsquo;Autun qui donnera par la suite son nom au village. L&rsquo;\u00e9glise actuelle date de 1520 (portrait S\u00e9bastien de Montfalcon en vitrail, \u00e9v\u00eaque de Lausanne qui fit construire cette \u00e9glise). De 1536 \u00e0 1798, \u00e9poque de la R\u00e9forme, S. fut rattach\u00e9 au bailliage bernois de Lausanne. Ecoute de musiques m\u00e9di\u00e9vales sur les orgues de l\u2019\u00e9glise. Visite anim\u00e9e par Daniel Thomas, musicien et licenci\u00e9 \u00e8s Lettres. Partie de la visite en plein air, pr\u00e9voir une tenue adapt\u00e9e \u00e0 la m\u00e9t\u00e9o. Acc\u00e8s par train CFF, gare de St-Saphorin.<\/td>\n<\/tr>\n<tr class=\"even\">\n<th>M\u00e9thode<\/th>\n<td>Visite, observation, dialogue, questions et \u00e9coute musicale<\/td>\n<\/tr>\n<tr class=\"odd\">\n<th>Lieu<\/th>\n<td>Gare CFF, ruelle du Port, 1071 St-Saphorin (Lavaux)<\/td>\n<\/tr>\n<tr class=\"even\">\n<th><\/th>\n<td><\/td>\n<\/tr>\n<\/tbody>\n<\/table>\n<\/div>\n<\/div>\n<\/div>\n<\/div>\n<\/div>\n<p>Et le soir,<br \/>\nteintes du soir au lac,<br \/>\ncouleurs vives et franches d&rsquo;un bonheur oubli\u00e9:<\/p>\n<p><a href=\"http:\/\/www.irreel.ch\/blog\/wp-content\/uploads\/soir-au-lac-saint-saphorin.jpg\"><img loading=\"lazy\" decoding=\"async\" class=\"alignleft wp-image-4557 size-full\" src=\"http:\/\/www.irreel.ch\/blog\/wp-content\/uploads\/soir-au-lac-saint-saphorin.jpg\" width=\"1200\" height=\"899\" srcset=\"https:\/\/www.irreel.ch\/blog\/wp-content\/uploads\/soir-au-lac-saint-saphorin.jpg 1200w, https:\/\/www.irreel.ch\/blog\/wp-content\/uploads\/soir-au-lac-saint-saphorin-150x112.jpg 150w, https:\/\/www.irreel.ch\/blog\/wp-content\/uploads\/soir-au-lac-saint-saphorin-300x225.jpg 300w, https:\/\/www.irreel.ch\/blog\/wp-content\/uploads\/soir-au-lac-saint-saphorin-768x575.jpg 768w, https:\/\/www.irreel.ch\/blog\/wp-content\/uploads\/soir-au-lac-saint-saphorin-1024x767.jpg 1024w\" sizes=\"auto, (max-width: 1200px) 100vw, 1200px\" \/><\/a><\/p>\n","protected":false},"excerpt":{"rendered":"<p>Saint-Saphorin en Lavaux, villa romaine, \u00e9glise gothique, entre les vignes et le lac Vous pourrez-vous voir sur le site langages.ch quand la visite sera donn\u00e9e \u00e0 nouveau : http:\/\/www.langages.ch\/blog\/tag\/visite-guidee\/ Vous pouvez aussi r\u00e9server une&#46;&#46;&#46;<\/p>\n","protected":false},"author":191,"featured_media":4553,"comment_status":"closed","ping_status":"closed","sticky":false,"template":"","format":"standard","meta":{"sfsi_plus_gutenberg_text_before_share":"","sfsi_plus_gutenberg_show_text_before_share":"","sfsi_plus_gutenberg_icon_type":"","sfsi_plus_gutenberg_icon_alignemt":"","sfsi_plus_gutenburg_max_per_row":"","_EventAllDay":false,"_EventTimezone":"","_EventStartDate":"","_EventEndDate":"","_EventStartDateUTC":"","_EventEndDateUTC":"","_EventShowMap":false,"_EventShowMapLink":false,"_EventURL":"","_EventCost":"","_EventCostDescription":"","_EventCurrencySymbol":"","_EventCurrencyCode":"","_EventCurrencyPosition":"","_EventDateTimeSeparator":"","_EventTimeRangeSeparator":"","_EventOrganizerID":[],"_EventVenueID":[],"_OrganizerEmail":"","_OrganizerPhone":"","_OrganizerWebsite":"","_VenueAddress":"","_VenueCity":"","_VenueCountry":"","_VenueProvince":"","_VenueState":"","_VenueZip":"","_VenuePhone":"","_VenueURL":"","_VenueStateProvince":"","_VenueLat":"","_VenueLng":"","_VenueShowMap":false,"_VenueShowMapLink":false,"footnotes":""},"categories":[584],"tags":[586,592,585],"class_list":["post-4552","post","type-post","status-publish","format-standard","has-post-thumbnail","hentry","category-visite-guidee","tag-eglise","tag-romain","tag-visite-guidee"],"_links":{"self":[{"href":"https:\/\/www.irreel.ch\/blog\/wp-json\/wp\/v2\/posts\/4552","targetHints":{"allow":["GET"]}}],"collection":[{"href":"https:\/\/www.irreel.ch\/blog\/wp-json\/wp\/v2\/posts"}],"about":[{"href":"https:\/\/www.irreel.ch\/blog\/wp-json\/wp\/v2\/types\/post"}],"author":[{"embeddable":true,"href":"https:\/\/www.irreel.ch\/blog\/wp-json\/wp\/v2\/users\/191"}],"replies":[{"embeddable":true,"href":"https:\/\/www.irreel.ch\/blog\/wp-json\/wp\/v2\/comments?post=4552"}],"version-history":[{"count":14,"href":"https:\/\/www.irreel.ch\/blog\/wp-json\/wp\/v2\/posts\/4552\/revisions"}],"predecessor-version":[{"id":6699,"href":"https:\/\/www.irreel.ch\/blog\/wp-json\/wp\/v2\/posts\/4552\/revisions\/6699"}],"wp:featuredmedia":[{"embeddable":true,"href":"https:\/\/www.irreel.ch\/blog\/wp-json\/wp\/v2\/media\/4553"}],"wp:attachment":[{"href":"https:\/\/www.irreel.ch\/blog\/wp-json\/wp\/v2\/media?parent=4552"}],"wp:term":[{"taxonomy":"category","embeddable":true,"href":"https:\/\/www.irreel.ch\/blog\/wp-json\/wp\/v2\/categories?post=4552"},{"taxonomy":"post_tag","embeddable":true,"href":"https:\/\/www.irreel.ch\/blog\/wp-json\/wp\/v2\/tags?post=4552"}],"curies":[{"name":"wp","href":"https:\/\/api.w.org\/{rel}","templated":true}]}}