{"id":4549,"date":"2017-03-06T19:17:27","date_gmt":"2017-03-06T17:17:27","guid":{"rendered":"http:\/\/www.irreel.ch\/blog\/?p=4549"},"modified":"2017-03-06T19:17:27","modified_gmt":"2017-03-06T17:17:27","slug":"jeux-des-neiges-a-travers-le-vitrail","status":"publish","type":"post","link":"https:\/\/www.irreel.ch\/blog\/jeux-des-neiges-a-travers-le-vitrail\/","title":{"rendered":"Jeux des neiges \u00e0 travers le vitrail"},"content":{"rendered":"<p>Caresse du regard<br \/>\nrepos de l&rsquo;\u00e2me<\/p>\n<p>jeux des neiges \u00e0 travers la vitre, le vitrail,<br \/>\n\u00e0 l&rsquo;Abbaye de Montheron<\/p>\n<p>envol en transparences<\/p>\n<p><img loading=\"lazy\" decoding=\"async\" src=\"http:\/\/www.irreel.ch\/blog\/wp-content\/uploads\/neige-a-la-fenetre-vitrail2.gif\" alt=\"\" width=\"640\" height=\"360\" class=\"alignleft size-full wp-image-4550\" \/><\/p>\n","protected":false},"excerpt":{"rendered":"<p>Caresse du regard repos de l&rsquo;\u00e2me jeux des neiges \u00e0 travers la vitre, le vitrail, \u00e0 l&rsquo;Abbaye de Montheron envol en transparences<\/p>\n","protected":false},"author":191,"featured_media":4550,"comment_status":"closed","ping_status":"closed","sticky":false,"template":"","format":"standard","meta":{"sfsi_plus_gutenberg_text_before_share":"","sfsi_plus_gutenberg_show_text_before_share":"","sfsi_plus_gutenberg_icon_type":"","sfsi_plus_gutenberg_icon_alignemt":"","sfsi_plus_gutenburg_max_per_row":"","_EventAllDay":false,"_EventTimezone":"","_EventStartDate":"","_EventEndDate":"","_EventStartDateUTC":"","_EventEndDateUTC":"","_EventShowMap":false,"_EventShowMapLink":false,"_EventURL":"","_EventCost":"","_EventCostDescription":"","_EventCurrencySymbol":"","_EventCurrencyCode":"","_EventCurrencyPosition":"","_EventDateTimeSeparator":"","_EventTimeRangeSeparator":"","_EventOrganizerID":[],"_EventVenueID":[],"_OrganizerEmail":"","_OrganizerPhone":"","_OrganizerWebsite":"","_VenueAddress":"","_VenueCity":"","_VenueCountry":"","_VenueProvince":"","_VenueState":"","_VenueZip":"","_VenuePhone":"","_VenueURL":"","_VenueStateProvince":"","_VenueLat":"","_VenueLng":"","_VenueShowMap":false,"_VenueShowMapLink":false,"footnotes":""},"categories":[589],"tags":[64,590,71],"class_list":["post-4549","post","type-post","status-publish","format-standard","has-post-thumbnail","hentry","category-animation","tag-eau","tag-gif-anime","tag-neige"],"_links":{"self":[{"href":"https:\/\/www.irreel.ch\/blog\/wp-json\/wp\/v2\/posts\/4549","targetHints":{"allow":["GET"]}}],"collection":[{"href":"https:\/\/www.irreel.ch\/blog\/wp-json\/wp\/v2\/posts"}],"about":[{"href":"https:\/\/www.irreel.ch\/blog\/wp-json\/wp\/v2\/types\/post"}],"author":[{"embeddable":true,"href":"https:\/\/www.irreel.ch\/blog\/wp-json\/wp\/v2\/users\/191"}],"replies":[{"embeddable":true,"href":"https:\/\/www.irreel.ch\/blog\/wp-json\/wp\/v2\/comments?post=4549"}],"version-history":[{"count":1,"href":"https:\/\/www.irreel.ch\/blog\/wp-json\/wp\/v2\/posts\/4549\/revisions"}],"predecessor-version":[{"id":4551,"href":"https:\/\/www.irreel.ch\/blog\/wp-json\/wp\/v2\/posts\/4549\/revisions\/4551"}],"wp:featuredmedia":[{"embeddable":true,"href":"https:\/\/www.irreel.ch\/blog\/wp-json\/wp\/v2\/media\/4550"}],"wp:attachment":[{"href":"https:\/\/www.irreel.ch\/blog\/wp-json\/wp\/v2\/media?parent=4549"}],"wp:term":[{"taxonomy":"category","embeddable":true,"href":"https:\/\/www.irreel.ch\/blog\/wp-json\/wp\/v2\/categories?post=4549"},{"taxonomy":"post_tag","embeddable":true,"href":"https:\/\/www.irreel.ch\/blog\/wp-json\/wp\/v2\/tags?post=4549"}],"curies":[{"name":"wp","href":"https:\/\/api.w.org\/{rel}","templated":true}]}}