{"id":4529,"date":"2017-03-06T06:19:32","date_gmt":"2017-03-06T04:19:32","guid":{"rendered":"http:\/\/www.irreel.ch\/blog\/?p=4529"},"modified":"2018-08-21T22:26:21","modified_gmt":"2018-08-21T20:26:21","slug":"le-clos-des-abbayes-grange-viticole-cistercienne-et-sa-chapelle-gothique","status":"publish","type":"post","link":"https:\/\/www.irreel.ch\/blog\/le-clos-des-abbayes-grange-viticole-cistercienne-et-sa-chapelle-gothique\/","title":{"rendered":"Le Clos des Abbayes, grange viticole cistercienne et sa chapelle gothique"},"content":{"rendered":"<p>La cloche du bateau sonne avant d&rsquo;arriver au vignoble, la chapelle est au loin, elle attend le p\u00e9lerin:<br \/>\n<a href=\"http:\/\/www.irreel.ch\/blog\/wp-content\/uploads\/d\u00e9zaley-clos-des-abbayes-lac_cloche.jpg\"><img loading=\"lazy\" decoding=\"async\" class=\"alignleft size-full wp-image-4592\" src=\"http:\/\/www.irreel.ch\/blog\/wp-content\/uploads\/d\u00e9zaley-clos-des-abbayes-lac_cloche.jpg\" alt=\"cloche\" width=\"900\" height=\"675\" srcset=\"https:\/\/www.irreel.ch\/blog\/wp-content\/uploads\/d\u00e9zaley-clos-des-abbayes-lac_cloche.jpg 900w, https:\/\/www.irreel.ch\/blog\/wp-content\/uploads\/d\u00e9zaley-clos-des-abbayes-lac_cloche-150x113.jpg 150w, https:\/\/www.irreel.ch\/blog\/wp-content\/uploads\/d\u00e9zaley-clos-des-abbayes-lac_cloche-300x225.jpg 300w, https:\/\/www.irreel.ch\/blog\/wp-content\/uploads\/d\u00e9zaley-clos-des-abbayes-lac_cloche-768x576.jpg 768w\" sizes=\"auto, (max-width: 900px) 100vw, 900px\" \/><\/a><\/p>\n<p>La chapelle dans le vignoble dor\u00e9, marcher entre les murs, sentir l&rsquo;air du lac, s&rsquo;ouvrir \u00e0 son histoire:<br \/>\n<a href=\"http:\/\/www.irreel.ch\/blog\/wp-content\/uploads\/chapelle-du-D\u00e9zaley-vignoble-vert_2.jpg\"><img loading=\"lazy\" decoding=\"async\" class=\"alignleft size-full wp-image-4595\" src=\"http:\/\/www.irreel.ch\/blog\/wp-content\/uploads\/chapelle-du-D\u00e9zaley-vignoble-vert_2.jpg\" alt=\"\" width=\"900\" height=\"672\" srcset=\"https:\/\/www.irreel.ch\/blog\/wp-content\/uploads\/chapelle-du-D\u00e9zaley-vignoble-vert_2.jpg 900w, https:\/\/www.irreel.ch\/blog\/wp-content\/uploads\/chapelle-du-D\u00e9zaley-vignoble-vert_2-150x112.jpg 150w, https:\/\/www.irreel.ch\/blog\/wp-content\/uploads\/chapelle-du-D\u00e9zaley-vignoble-vert_2-300x224.jpg 300w, https:\/\/www.irreel.ch\/blog\/wp-content\/uploads\/chapelle-du-D\u00e9zaley-vignoble-vert_2-768x573.jpg 768w\" sizes=\"auto, (max-width: 900px) 100vw, 900px\" \/><\/a><\/p>\n<h1 id=\"page-title\" class=\"title\">Le Clos des Abbayes, grange viticole cistercienne et sa chapelle gothique<\/h1>\n<div class=\"region region-content\">\n<div id=\"block-system-main\" class=\"block block-system first last odd\">\n<div class=\"content\">\n<div id=\"node-3838\" class=\"node node-activity view-mode-full clearfix\">\n<div class=\"content\">\n<div class=\"activity-header clearfix\">\n<div class=\"teacher-box\">Par Daniel Thomas, formateur dipl\u00f4m\u00e9<br \/>\norganiste dipl\u00f4m\u00e9, carillonneur, licenci\u00e9 \u00e8s Lettres<\/div>\n<div>Vous pourrez-vous voir sur le site langages.ch quand la visite sera donn\u00e9e \u00e0 nouveau : <a href=\"http:\/\/www.langages.ch\/blog\/tag\/visite-guidee\/\" target=\"_blank\" rel=\"noopener noreferrer\">http:\/\/www.langages.ch\/blog\/tag\/visite-guidee\/<\/a>.<\/div>\n<div class=\"subscription-box-wrapper\">\n<div class=\"subscription-box \">\n<p>Vous pouvez aussi r\u00e9server une visite priv\u00e9e pour une famille, un groupe ou vous-m\u00eames sur la page de <a href=\"http:\/\/www.irreel.ch\/blog\/plan\/contact\/\">contact<\/a>.<\/p>\n<\/div>\n<\/div>\n<\/div>\n<table class=\"activity-box\">\n<tbody>\n<tr class=\"odd\">\n<th>Dur\u00e9e<\/th>\n<td>1 s\u00e9ances, 3 p\u00e9riodes de 45 min.<\/td>\n<\/tr>\n<tr class=\"even\">\n<th>Quand<\/th>\n<td>\n<ul>\n<li>\u00e0 fixer<\/li>\n<\/ul>\n<\/td>\n<\/tr>\n<tr class=\"odd\">\n<th>Participants<\/th>\n<td><\/td>\n<\/tr>\n<tr class=\"even\">\n<th>Objectifs<\/th>\n<td>Etude de la vie des moines cisterciens dans leurs vignobles<br \/>\nComprendre l&rsquo;histoire de Lavaux, vignoble cr\u00e9\u00e9 par les cisterciens<br \/>\nA la d\u00e9couverte des vestiges d&rsquo;une grange viticole cistercienne<br \/>\nEcoute de musiques du Moyen-Age dans une chapelle du XIV\u00e8me s.<br \/>\nEtude de l&rsquo;architecture conventuelle cistercienne<\/td>\n<\/tr>\n<tr class=\"odd\">\n<th>Contenu<\/th>\n<td>Visite guid\u00e9e du site cistercien des vestiges de la grange viticole de l&rsquo;abbaye de Montheron de 1145, au D\u00e9zaley, Clos des Abbayes, suivie d\u2019un moment musical. Approche de l&rsquo;histoire de Lavaux, grand vignoble cr\u00e9\u00e9 d\u00e8s l&rsquo;ann\u00e9e 1137 par les moines cisterciens. Vie des moines convers, travaillant dans les vignes, rythm\u00e9e par la pratique du chant gr\u00e9gorien lors des offices journaliers dans leur chapelle \u00e0 l&rsquo;appel de la cloche. Parcours sur tous les espaces et vestiges de l&rsquo;ancienne grange viticole du monast\u00e8re avec ses caves m\u00e9di\u00e9vales. D\u00e9couverte de fresques de Fran\u00e7ois Bocion et de Ren\u00e9 Auberjonois dans les parties plus modernes. Ecoute du petit orgue historique de la chapelle. Visite anim\u00e9e par Daniel Thomas, musicien et licenci\u00e9 \u00e8s Lettres. Partie de la visite en plein air, pr\u00e9voir une tenue adapt\u00e9e \u00e0 la m\u00e9t\u00e9o. Acc\u00e8s: Acc\u00e8s en train et \u00e0 pied depuis la gare d&rsquo;Epesses, 25 minutes de marche. Ou en voiture, covoiturage, parking sur le chemin montant au Clos des Abbayes depuis la route du bord du lac en venant depuis Rivaz.<\/td>\n<\/tr>\n<tr class=\"even\">\n<th>M\u00e9thode<\/th>\n<td>Visite, observation, dialogue, questions et \u00e9coute musicale<\/td>\n<\/tr>\n<tr class=\"odd\">\n<th>Lieu<\/th>\n<td>Clos des Abbayes, Chemin du D\u00e9zaley, Puidoux.<\/td>\n<\/tr>\n<tr class=\"even\">\n<th>Tarif normal<\/th>\n<td><\/td>\n<\/tr>\n<\/tbody>\n<\/table>\n<\/div>\n<\/div>\n<\/div>\n<\/div>\n<\/div>\n","protected":false},"excerpt":{"rendered":"<p>La cloche du bateau sonne avant d&rsquo;arriver au vignoble, la chapelle est au loin, elle attend le p\u00e9lerin: La chapelle dans le vignoble dor\u00e9, marcher entre les murs, sentir l&rsquo;air du lac, s&rsquo;ouvrir \u00e0&#46;&#46;&#46;<\/p>\n","protected":false},"author":191,"featured_media":4592,"comment_status":"closed","ping_status":"closed","sticky":false,"template":"","format":"standard","meta":{"sfsi_plus_gutenberg_text_before_share":"","sfsi_plus_gutenberg_show_text_before_share":"","sfsi_plus_gutenberg_icon_type":"","sfsi_plus_gutenberg_icon_alignemt":"","sfsi_plus_gutenburg_max_per_row":"","_EventAllDay":false,"_EventTimezone":"","_EventStartDate":"","_EventEndDate":"","_EventStartDateUTC":"","_EventEndDateUTC":"","_EventShowMap":false,"_EventShowMapLink":false,"_EventURL":"","_EventCost":"","_EventCostDescription":"","_EventCurrencySymbol":"","_EventCurrencyCode":"","_EventCurrencyPosition":"","_EventDateTimeSeparator":"","_EventTimeRangeSeparator":"","_EventOrganizerID":[],"_EventVenueID":[],"_OrganizerEmail":"","_OrganizerPhone":"","_OrganizerWebsite":"","_VenueAddress":"","_VenueCity":"","_VenueCountry":"","_VenueProvince":"","_VenueState":"","_VenueZip":"","_VenuePhone":"","_VenueURL":"","_VenueStateProvince":"","_VenueLat":"","_VenueLng":"","_VenueShowMap":false,"_VenueShowMapLink":false,"footnotes":""},"categories":[584],"tags":[587,588,585],"class_list":["post-4529","post","type-post","status-publish","format-standard","has-post-thumbnail","hentry","category-visite-guidee","tag-chapelle","tag-cistercien","tag-visite-guidee"],"_links":{"self":[{"href":"https:\/\/www.irreel.ch\/blog\/wp-json\/wp\/v2\/posts\/4529","targetHints":{"allow":["GET"]}}],"collection":[{"href":"https:\/\/www.irreel.ch\/blog\/wp-json\/wp\/v2\/posts"}],"about":[{"href":"https:\/\/www.irreel.ch\/blog\/wp-json\/wp\/v2\/types\/post"}],"author":[{"embeddable":true,"href":"https:\/\/www.irreel.ch\/blog\/wp-json\/wp\/v2\/users\/191"}],"replies":[{"embeddable":true,"href":"https:\/\/www.irreel.ch\/blog\/wp-json\/wp\/v2\/comments?post=4529"}],"version-history":[{"count":5,"href":"https:\/\/www.irreel.ch\/blog\/wp-json\/wp\/v2\/posts\/4529\/revisions"}],"predecessor-version":[{"id":4696,"href":"https:\/\/www.irreel.ch\/blog\/wp-json\/wp\/v2\/posts\/4529\/revisions\/4696"}],"wp:featuredmedia":[{"embeddable":true,"href":"https:\/\/www.irreel.ch\/blog\/wp-json\/wp\/v2\/media\/4592"}],"wp:attachment":[{"href":"https:\/\/www.irreel.ch\/blog\/wp-json\/wp\/v2\/media?parent=4529"}],"wp:term":[{"taxonomy":"category","embeddable":true,"href":"https:\/\/www.irreel.ch\/blog\/wp-json\/wp\/v2\/categories?post=4529"},{"taxonomy":"post_tag","embeddable":true,"href":"https:\/\/www.irreel.ch\/blog\/wp-json\/wp\/v2\/tags?post=4529"}],"curies":[{"name":"wp","href":"https:\/\/api.w.org\/{rel}","templated":true}]}}