{"id":4505,"date":"2017-03-04T22:03:03","date_gmt":"2017-03-04T20:03:03","guid":{"rendered":"http:\/\/www.irreel.ch\/blog\/?p=4505"},"modified":"2022-12-20T18:53:18","modified_gmt":"2022-12-20T17:53:18","slug":"exposition-transparences-musicales-et-colorees","status":"publish","type":"post","link":"https:\/\/www.irreel.ch\/blog\/exposition-transparences-musicales-et-colorees\/","title":{"rendered":"2017 Exposition \/ Transparences musicales et color\u00e9es"},"content":{"rendered":"<div class=\"wp-block-image\">\n<figure class=\"alignleft\"><a href=\"http:\/\/www.irreel.ch\/blog\/wp-content\/uploads\/envol-danse-verre-expo3_Fotor.jpg\"><img loading=\"lazy\" decoding=\"async\" width=\"1190\" height=\"855\" src=\"http:\/\/www.irreel.ch\/blog\/wp-content\/uploads\/envol-danse-verre-expo3_Fotor.jpg\" alt=\"\" class=\"wp-image-4506\" srcset=\"https:\/\/www.irreel.ch\/blog\/wp-content\/uploads\/envol-danse-verre-expo3_Fotor.jpg 1190w, https:\/\/www.irreel.ch\/blog\/wp-content\/uploads\/envol-danse-verre-expo3_Fotor-150x108.jpg 150w, https:\/\/www.irreel.ch\/blog\/wp-content\/uploads\/envol-danse-verre-expo3_Fotor-300x216.jpg 300w, https:\/\/www.irreel.ch\/blog\/wp-content\/uploads\/envol-danse-verre-expo3_Fotor-768x552.jpg 768w, https:\/\/www.irreel.ch\/blog\/wp-content\/uploads\/envol-danse-verre-expo3_Fotor-1024x736.jpg 1024w\" sizes=\"auto, (max-width: 1190px) 100vw, 1190px\" \/><\/a><\/figure>\n<\/div>\n\n\n<p>Exposition<br>\nJeudi 24 ao\u00fbt \u00e0 dimanche 27 ao\u00fbt 2017 &#8211; Salle des Amis de l\u2019Abbaye de Montheron<br>\nHuiles et aquarelles sur verre acrylique et sur soie<\/p>\n\n\n\n<h2 class=\"wp-block-heading\">Transparences musicales et color\u00e9es<\/h2>\n\n\n\n<figure class=\"wp-block-image\"><a href=\"https:\/\/www.irreel.ch\/blog\/buissons-branches\/\"><img loading=\"lazy\" decoding=\"async\" width=\"300\" height=\"234\" src=\"http:\/\/www.irreel.ch\/blog\/wp-content\/uploads\/blanc-vert-rose-air-buissons2-300x234.jpg\" alt=\"\" class=\"wp-image-4515\" srcset=\"https:\/\/www.irreel.ch\/blog\/wp-content\/uploads\/blanc-vert-rose-air-buissons2-300x234.jpg 300w, https:\/\/www.irreel.ch\/blog\/wp-content\/uploads\/blanc-vert-rose-air-buissons2-150x117.jpg 150w, https:\/\/www.irreel.ch\/blog\/wp-content\/uploads\/blanc-vert-rose-air-buissons2-768x599.jpg 768w, https:\/\/www.irreel.ch\/blog\/wp-content\/uploads\/blanc-vert-rose-air-buissons2-1024x799.jpg 1024w, https:\/\/www.irreel.ch\/blog\/wp-content\/uploads\/blanc-vert-rose-air-buissons2.jpg 1200w\" sizes=\"auto, (max-width: 300px) 100vw, 300px\" \/><\/a><figcaption class=\"wp-element-caption\"><br>Blanc, vert, rose, airs, buissons, branches Huile sur verre, Daniel Thomas 2014<\/figcaption><\/figure>\n\n\n\n<figure class=\"wp-block-image\"><a href=\"https:\/\/www.irreel.ch\/blog\/danse-et-transparences\/\"><img loading=\"lazy\" decoding=\"async\" width=\"300\" height=\"247\" src=\"http:\/\/www.irreel.ch\/blog\/wp-content\/uploads\/danse-emport\u00e9e-rouge-300x247.jpg\" alt=\"\" class=\"wp-image-4512\" srcset=\"https:\/\/www.irreel.ch\/blog\/wp-content\/uploads\/danse-emport\u00e9e-rouge-300x247.jpg 300w, https:\/\/www.irreel.ch\/blog\/wp-content\/uploads\/danse-emport\u00e9e-rouge-150x123.jpg 150w, https:\/\/www.irreel.ch\/blog\/wp-content\/uploads\/danse-emport\u00e9e-rouge-768x631.jpg 768w, https:\/\/www.irreel.ch\/blog\/wp-content\/uploads\/danse-emport\u00e9e-rouge-1024x841.jpg 1024w, https:\/\/www.irreel.ch\/blog\/wp-content\/uploads\/danse-emport\u00e9e-rouge.jpg 1200w\" sizes=\"auto, (max-width: 300px) 100vw, 300px\" \/><\/a><figcaption class=\"wp-element-caption\">Danse emport\u00e9e, gestes, couleurs et transparences, jeux du regard en mouvement.<br>Huile sur verre acrylique. Daniel Thomas 2014<\/figcaption><\/figure>\n\n\n\n<figure class=\"wp-block-image\"><a href=\"https:\/\/www.irreel.ch\/blog\/envol-danse-sur-verre\/\"><img loading=\"lazy\" decoding=\"async\" width=\"228\" height=\"300\" src=\"http:\/\/www.irreel.ch\/blog\/wp-content\/uploads\/envol-danse-verre2-1200_Fotor-228x300.jpg\" alt=\"\" class=\"wp-image-4521\" srcset=\"https:\/\/www.irreel.ch\/blog\/wp-content\/uploads\/envol-danse-verre2-1200_Fotor-228x300.jpg 228w, https:\/\/www.irreel.ch\/blog\/wp-content\/uploads\/envol-danse-verre2-1200_Fotor-114x150.jpg 114w, https:\/\/www.irreel.ch\/blog\/wp-content\/uploads\/envol-danse-verre2-1200_Fotor-768x1013.jpg 768w, https:\/\/www.irreel.ch\/blog\/wp-content\/uploads\/envol-danse-verre2-1200_Fotor-777x1024.jpg 777w, https:\/\/www.irreel.ch\/blog\/wp-content\/uploads\/envol-danse-verre2-1200_Fotor.jpg 910w\" sizes=\"auto, (max-width: 228px) 100vw, 228px\" \/><\/a><figcaption class=\"wp-element-caption\">Envol, danse sur verre, reflets et passages aquatiques Huile sur verre \u00a9 Daniel Thomas 2014<\/figcaption><\/figure>\n\n\n\n<figure class=\"wp-block-image\"><a href=\"https:\/\/www.irreel.ch\/blog\/fete-en-rose-couleurs-dete\/\"><img loading=\"lazy\" decoding=\"async\" width=\"300\" height=\"240\" src=\"http:\/\/www.irreel.ch\/blog\/wp-content\/uploads\/fete-a-la-plage-couleurs-d-ete2-300x240.jpg\" alt=\"\" class=\"wp-image-4518\" srcset=\"https:\/\/www.irreel.ch\/blog\/wp-content\/uploads\/fete-a-la-plage-couleurs-d-ete2-300x240.jpg 300w, https:\/\/www.irreel.ch\/blog\/wp-content\/uploads\/fete-a-la-plage-couleurs-d-ete2-150x120.jpg 150w, https:\/\/www.irreel.ch\/blog\/wp-content\/uploads\/fete-a-la-plage-couleurs-d-ete2-768x615.jpg 768w, https:\/\/www.irreel.ch\/blog\/wp-content\/uploads\/fete-a-la-plage-couleurs-d-ete2-1024x820.jpg 1024w, https:\/\/www.irreel.ch\/blog\/wp-content\/uploads\/fete-a-la-plage-couleurs-d-ete2.jpg 1200w\" sizes=\"auto, (max-width: 300px) 100vw, 300px\" \/><\/a><\/figure>\n\n\n\n<p>\u0152uvres r\u00e9centes de Daniel Thomas. Horaires: jeudi, vendredi et samedi de 17 h \u00e0 20 h, dimanche de 14 h \u00e0 17 h.<br>\nAcc\u00e8s libre. Vente des tableaux en faveur du carillon de 51 cloches de l\u2019Abbaye de Montheron.<\/p>\n\n\n\n<p>Tableaux expos\u00e9s:<\/p>\n\n\n\n<ol class=\"wp-block-list\">\n<li>Danse emport\u00e9e, gestes, couleurs et transparences, jeux du regard en mouvement Huile sur verre acrylique. Daniel Thomas 2014<\/li>\n\n\n\n<li>Blanc, vert, rose, airs, buissons, branches Huile sur verre, Daniel Thomas 2014<\/li>\n\n\n\n<li>F\u00eate \u00e0 la plage, couleurs d\u2019\u00e9t\u00e9 Huile sur verre, Daniel Thomas 2016<\/li>\n\n\n\n<li>Envol, danse sur verre, reflets et passages aquatiques Huile sur verre, Daniel Thomas 2014<\/li>\n\n\n\n<li>Roses, grenats, verts dans le bois, huile et aquarelle sur verre, 50 \/ 40 cm, Daniel Thomas 2017<\/li>\n\n\n\n<li>La grotte dans la montagne violette, huile et et aquarelle sur verre, 50 \/ 40 cm, Daniel Thomas 2015<\/li>\n\n\n\n<li>Jeux dans\u00e9s et fugu\u00e9s, jaunes et oranges, huile et aquarelle sur verre, 40 \/ 50 cm, Daniel Thomas 2016.<\/li>\n\n\n\n<li>Excursion dans les collines, aquarelle, 50 \/ 40 cm, Daniel Thomas 2012<\/li>\n\n\n\n<li>Roses et bleus entrecrois\u00e9s, aquarelle et craie sur coton, 60 \/ 50 cm, Daniel Thomas 2008.<\/li>\n\n\n\n<li>Mont\u00e9e \u00e0 l\u2019alpage, vert \u00e9meraude, huile et acrylique sur verre, 40 \/ 30 cm, Daniel Thomas 2006.<\/li>\n\n\n\n<li>Vert clair et rose orange, formes montantes, 40 \/ 50 cm, Daniel Thomas 2014.<\/li>\n\n\n\n<li>Mouvements dans les eaux profondes, 50 \/ 40 cm, huile sur papier et aquarelle sur verre, Daniel Thomas 2017.<\/li>\n\n\n\n<li>Mouvements rapides, entrecroisements color\u00e9s, huile sur panneau de bois, 50 \/ 70 cm, Daniel Thomas 1993.<\/li>\n\n\n\n<li>Roses et vert tendre sous le pont, huile et aquarelle sur verre, 50 \/ 40 cm, Daniel Thomas 2015.<\/li>\n\n\n\n<li>Nuances en violet et vers sombre, huile et aquarelle, 50 \/ 40 cm, Daniel Thomas 2015.<\/li>\n\n\n\n<li>Au th\u00e9\u00e2tre, couleurs de sc\u00e8ne et \u00e9clairages, huile et aquarelle sur verre, collages, 60 \/ 50 cm, Daniel Thomas 2017.<\/li>\n\n\n\n<li>Moments de bonheur entre deux sentiers, craie et aquarelle sur soie, 33 \/ 47 cm, Daniel Thomas 2012.<\/li>\n\n\n\n<li>Branchages rouge et bleu, huile et aquarelle sur verre, 40 \/ 30 cm, Daniel Thomas 2014.<\/li>\n\n\n\n<li>Passages dans les branchages, huile et aquarelle sur verre, 40 \/ 30 cm, Daniel Thomas 2015.<\/li>\n\n\n\n<li>Petits lacs bleut\u00e9s, acrylique sur verre, 40 \/ 30 cm, Daniel Thomas 2011.<\/li>\n\n\n\n<li>Vitrail vert, rose, bleu, huile et aquarelle sur verre, 50 \/ 40 cm, Daniel Thomas 2016.<\/li>\n\n\n\n<li>Mouvement color\u00e9 en mont\u00e9e, huile et aquarelle sur verre, 40 \/ 50 cm, Daniel Thomas 2016.<\/li>\n<\/ol>\n","protected":false},"excerpt":{"rendered":"<p>Exposition Jeudi 24 ao\u00fbt \u00e0 dimanche 27 ao\u00fbt 2017 &#8211; Salle des Amis de l\u2019Abbaye de Montheron Huiles et aquarelles sur verre acrylique et sur soie Transparences musicales et color\u00e9es \u0152uvres r\u00e9centes de Daniel&#46;&#46;&#46;<\/p>\n","protected":false},"author":191,"featured_media":4506,"comment_status":"open","ping_status":"closed","sticky":false,"template":"","format":"standard","meta":{"sfsi_plus_gutenberg_text_before_share":"","sfsi_plus_gutenberg_show_text_before_share":"","sfsi_plus_gutenberg_icon_type":"","sfsi_plus_gutenberg_icon_alignemt":"","sfsi_plus_gutenburg_max_per_row":"","_EventAllDay":false,"_EventTimezone":"","_EventStartDate":"","_EventEndDate":"","_EventStartDateUTC":"","_EventEndDateUTC":"","_EventShowMap":false,"_EventShowMapLink":false,"_EventURL":"","_EventCost":"","_EventCostDescription":"","_EventCurrencySymbol":"","_EventCurrencyCode":"","_EventCurrencyPosition":"","_EventDateTimeSeparator":"","_EventTimeRangeSeparator":"","_EventOrganizerID":[],"_EventVenueID":[],"_OrganizerEmail":"","_OrganizerPhone":"","_OrganizerWebsite":"","_VenueAddress":"","_VenueCity":"","_VenueCountry":"","_VenueProvince":"","_VenueState":"","_VenueZip":"","_VenuePhone":"","_VenueURL":"","_VenueStateProvince":"","_VenueLat":"","_VenueLng":"","_VenueShowMap":false,"_VenueShowMapLink":false,"footnotes":""},"categories":[168,583],"tags":[547,582],"class_list":["post-4505","post","type-post","status-publish","format-standard","has-post-thumbnail","hentry","category-exposition","category-peintures-sur-verre","tag-exposition","tag-huile-sur-verre"],"_links":{"self":[{"href":"https:\/\/www.irreel.ch\/blog\/wp-json\/wp\/v2\/posts\/4505","targetHints":{"allow":["GET"]}}],"collection":[{"href":"https:\/\/www.irreel.ch\/blog\/wp-json\/wp\/v2\/posts"}],"about":[{"href":"https:\/\/www.irreel.ch\/blog\/wp-json\/wp\/v2\/types\/post"}],"author":[{"embeddable":true,"href":"https:\/\/www.irreel.ch\/blog\/wp-json\/wp\/v2\/users\/191"}],"replies":[{"embeddable":true,"href":"https:\/\/www.irreel.ch\/blog\/wp-json\/wp\/v2\/comments?post=4505"}],"version-history":[{"count":20,"href":"https:\/\/www.irreel.ch\/blog\/wp-json\/wp\/v2\/posts\/4505\/revisions"}],"predecessor-version":[{"id":6913,"href":"https:\/\/www.irreel.ch\/blog\/wp-json\/wp\/v2\/posts\/4505\/revisions\/6913"}],"wp:featuredmedia":[{"embeddable":true,"href":"https:\/\/www.irreel.ch\/blog\/wp-json\/wp\/v2\/media\/4506"}],"wp:attachment":[{"href":"https:\/\/www.irreel.ch\/blog\/wp-json\/wp\/v2\/media?parent=4505"}],"wp:term":[{"taxonomy":"category","embeddable":true,"href":"https:\/\/www.irreel.ch\/blog\/wp-json\/wp\/v2\/categories?post=4505"},{"taxonomy":"post_tag","embeddable":true,"href":"https:\/\/www.irreel.ch\/blog\/wp-json\/wp\/v2\/tags?post=4505"}],"curies":[{"name":"wp","href":"https:\/\/api.w.org\/{rel}","templated":true}]}}