{"id":4220,"date":"2017-01-21T06:16:31","date_gmt":"2017-01-21T04:16:31","guid":{"rendered":"http:\/\/www.irreel.ch\/blog\/?p=4220"},"modified":"2017-01-21T06:20:18","modified_gmt":"2017-01-21T04:20:18","slug":"site-dannonce-de-concerts-langages","status":"publish","type":"post","link":"https:\/\/www.irreel.ch\/blog\/site-dannonce-de-concerts-langages\/","title":{"rendered":"Site d&rsquo;annonce de concerts \/ langages.ch"},"content":{"rendered":"<p>langages.ch et carillons.ch<br \/>\nLangages des arts, polyglotte, concerts, balades, visites, Carillon de Chantemerle et Abbaye de Montheron.<br \/>\nSite d&rsquo;annonce des manifestations organis\u00e9es par l&rsquo;Association des Amis de l&rsquo;Abbaye de Montheron et l&rsquo;Association des Amis du Carillon de Chantemerle. Avec aussi des pages sur les carillons suisses et leurs concerts.<br \/>\nSite cr\u00e9\u00e9, anim\u00e9 et organis\u00e9 par Daniel Thomas, carillonneur.<\/p>\n<p><a href=\"http:\/\/www.langages.ch\/blog\/\" target=\"_blank\">http:\/\/www.langages.ch\/blog\/<\/a><\/p>\n<div class='powr-rss-feed' id='ed67a0fc_1484972169470'><\/div>\n","protected":false},"excerpt":{"rendered":"<p>langages.ch et carillons.ch Langages des arts, polyglotte, concerts, balades, visites, Carillon de Chantemerle et Abbaye de Montheron. Site d&rsquo;annonce des manifestations organis\u00e9es par l&rsquo;Association des Amis de l&rsquo;Abbaye de Montheron et l&rsquo;Association des Amis&#46;&#46;&#46;<\/p>\n","protected":false},"author":191,"featured_media":4223,"comment_status":"closed","ping_status":"closed","sticky":false,"template":"","format":"standard","meta":{"sfsi_plus_gutenberg_text_before_share":"","sfsi_plus_gutenberg_show_text_before_share":"","sfsi_plus_gutenberg_icon_type":"","sfsi_plus_gutenberg_icon_alignemt":"","sfsi_plus_gutenburg_max_per_row":"","_EventAllDay":false,"_EventTimezone":"","_EventStartDate":"","_EventEndDate":"","_EventStartDateUTC":"","_EventEndDateUTC":"","_EventShowMap":false,"_EventShowMapLink":false,"_EventURL":"","_EventCost":"","_EventCostDescription":"","_EventCurrencySymbol":"","_EventCurrencyCode":"","_EventCurrencyPosition":"","_EventDateTimeSeparator":"","_EventTimeRangeSeparator":"","_EventOrganizerID":[],"_EventVenueID":[],"_OrganizerEmail":"","_OrganizerPhone":"","_OrganizerWebsite":"","_VenueAddress":"","_VenueCity":"","_VenueCountry":"","_VenueProvince":"","_VenueState":"","_VenueZip":"","_VenuePhone":"","_VenueURL":"","_VenueStateProvince":"","_VenueLat":"","_VenueLng":"","_VenueShowMap":false,"_VenueShowMapLink":false,"footnotes":""},"categories":[25,484],"tags":[535,137],"class_list":["post-4220","post","type-post","status-publish","format-standard","has-post-thumbnail","hentry","category-musique","category-site-internet","tag-agenda","tag-concert"],"_links":{"self":[{"href":"https:\/\/www.irreel.ch\/blog\/wp-json\/wp\/v2\/posts\/4220","targetHints":{"allow":["GET"]}}],"collection":[{"href":"https:\/\/www.irreel.ch\/blog\/wp-json\/wp\/v2\/posts"}],"about":[{"href":"https:\/\/www.irreel.ch\/blog\/wp-json\/wp\/v2\/types\/post"}],"author":[{"embeddable":true,"href":"https:\/\/www.irreel.ch\/blog\/wp-json\/wp\/v2\/users\/191"}],"replies":[{"embeddable":true,"href":"https:\/\/www.irreel.ch\/blog\/wp-json\/wp\/v2\/comments?post=4220"}],"version-history":[{"count":3,"href":"https:\/\/www.irreel.ch\/blog\/wp-json\/wp\/v2\/posts\/4220\/revisions"}],"predecessor-version":[{"id":4224,"href":"https:\/\/www.irreel.ch\/blog\/wp-json\/wp\/v2\/posts\/4220\/revisions\/4224"}],"wp:featuredmedia":[{"embeddable":true,"href":"https:\/\/www.irreel.ch\/blog\/wp-json\/wp\/v2\/media\/4223"}],"wp:attachment":[{"href":"https:\/\/www.irreel.ch\/blog\/wp-json\/wp\/v2\/media?parent=4220"}],"wp:term":[{"taxonomy":"category","embeddable":true,"href":"https:\/\/www.irreel.ch\/blog\/wp-json\/wp\/v2\/categories?post=4220"},{"taxonomy":"post_tag","embeddable":true,"href":"https:\/\/www.irreel.ch\/blog\/wp-json\/wp\/v2\/tags?post=4220"}],"curies":[{"name":"wp","href":"https:\/\/api.w.org\/{rel}","templated":true}]}}