{"id":38,"date":"2008-06-05T05:43:10","date_gmt":"2008-06-05T03:43:10","guid":{"rendered":"http:\/\/www.irreel.ch\/blog\/?p=38"},"modified":"2019-03-04T11:54:48","modified_gmt":"2019-03-04T09:54:48","slug":"fleurs-damandier","status":"publish","type":"post","link":"https:\/\/www.irreel.ch\/blog\/fleurs-damandier\/","title":{"rendered":"Amandier, fleurs roses"},"content":{"rendered":"\n<figure class=\"wp-block-image\"><a href=\"http:\/\/www.irreel.ch\/blog\/wp-content\/amandiers.jpg\"><img decoding=\"async\" src=\"http:\/\/www.irreel.ch\/blog\/wp-content\/amandiers.jpg\" alt=\"\"\/><\/a><figcaption>Teintes fraiches, rose blanc<\/figcaption><\/figure>\n\n\n<p>Joie des fleurs d&rsquo;amandier&nbsp;<sup class='footnote'><a href='#fn-38-1' id='fnref-38-1' onclick='return fdfootnote_show(38)'>1<\/a><\/sup>, printemps 2008. Un regard frais, une ouverture pleine d&rsquo;esp\u00e9rance, des jeux de teintes infinis et d\u00e9licats, la sensation transparente d&rsquo;un envol, le ravissement des yeux. Et l&rsquo;espoir d&rsquo;un fin r\u00e9gal.<\/p>\n<p>Des rythmes, ces jeux de p\u00e9tales dans la brise, des jeux d&rsquo;ombres et de lumi\u00e8res, nuances des blancs et des roses sur les p\u00e9tales, regarder le d\u00e9veloppement des nuances avec l&rsquo;arriv\u00e9e de la lumi\u00e8re du soleil le matin, suivre ces transformations de la lumi\u00e8re \u00e0 travers les tranparences des p\u00e9tales.<\/p>\n\n\n<figure class=\"wp-block-image\"><a href=\"http:\/\/www.irreel.ch\/blog\/wp-content\/uploads\/amandes-et-amelanches.jpg\"><img loading=\"lazy\" decoding=\"async\" width=\"1000\" height=\"748\" src=\"http:\/\/www.irreel.ch\/blog\/wp-content\/uploads\/amandes-et-amelanches.jpg\" alt=\"\" class=\"wp-image-4899\" srcset=\"https:\/\/www.irreel.ch\/blog\/wp-content\/uploads\/amandes-et-amelanches.jpg 1000w, https:\/\/www.irreel.ch\/blog\/wp-content\/uploads\/amandes-et-amelanches-150x112.jpg 150w, https:\/\/www.irreel.ch\/blog\/wp-content\/uploads\/amandes-et-amelanches-300x224.jpg 300w, https:\/\/www.irreel.ch\/blog\/wp-content\/uploads\/amandes-et-amelanches-768x574.jpg 768w\" sizes=\"auto, (max-width: 1000px) 100vw, 1000px\" \/><\/a><figcaption>Fleurs d&rsquo;amandier et d&rsquo;am\u00e9lanchier<\/figcaption><\/figure>\n\n\n<div class='footnotes' id='footnotes-38'><div class='footnotedivider'><\/div><ol><li id='fn-38-1'> Amandier var. Ferrastar, amande douce, fleurs roses, Prunus amygdalus dulcis. <span class='footnotereverse'><a href='#fnref-38-1'>&#8617;<\/a><\/span><\/li><\/ol><\/div>","protected":false},"excerpt":{"rendered":"<p>Joie des fleurs d&rsquo;amandier&nbsp;1, printemps 2008. Un regard frais, une ouverture pleine d&rsquo;esp\u00e9rance, des jeux de teintes infinis et d\u00e9licats, la sensation transparente d&rsquo;un envol, le ravissement des yeux. Et l&rsquo;espoir d&rsquo;un fin r\u00e9gal.&#46;&#46;&#46;<\/p>\n","protected":false},"author":191,"featured_media":3921,"comment_status":"open","ping_status":"closed","sticky":false,"template":"","format":"standard","meta":{"sfsi_plus_gutenberg_text_before_share":"","sfsi_plus_gutenberg_show_text_before_share":"","sfsi_plus_gutenberg_icon_type":"","sfsi_plus_gutenberg_icon_alignemt":"","sfsi_plus_gutenburg_max_per_row":"","_EventAllDay":false,"_EventTimezone":"","_EventStartDate":"","_EventEndDate":"","_EventStartDateUTC":"","_EventEndDateUTC":"","_EventShowMap":false,"_EventShowMapLink":false,"_EventURL":"","_EventCost":"","_EventCostDescription":"","_EventCurrencySymbol":"","_EventCurrencyCode":"","_EventCurrencyPosition":"","_EventDateTimeSeparator":"","_EventTimeRangeSeparator":"","_EventOrganizerID":[],"_EventVenueID":[],"_OrganizerEmail":"","_OrganizerPhone":"","_OrganizerWebsite":"","_VenueAddress":"","_VenueCity":"","_VenueCountry":"","_VenueProvince":"","_VenueState":"","_VenueZip":"","_VenuePhone":"","_VenueURL":"","_VenueStateProvince":"","_VenueLat":"","_VenueLng":"","_VenueShowMap":false,"_VenueShowMapLink":false,"footnotes":""},"categories":[21],"tags":[32,384,419,607,608,24],"class_list":["post-38","post","type-post","status-publish","format-standard","has-post-thumbnail","hentry","category-fleurs","tag-amandier","tag-fleur","tag-fleur-de-fruit","tag-fleurs-davril","tag-fleurs-de-mars","tag-printemps"],"_links":{"self":[{"href":"https:\/\/www.irreel.ch\/blog\/wp-json\/wp\/v2\/posts\/38","targetHints":{"allow":["GET"]}}],"collection":[{"href":"https:\/\/www.irreel.ch\/blog\/wp-json\/wp\/v2\/posts"}],"about":[{"href":"https:\/\/www.irreel.ch\/blog\/wp-json\/wp\/v2\/types\/post"}],"author":[{"embeddable":true,"href":"https:\/\/www.irreel.ch\/blog\/wp-json\/wp\/v2\/users\/191"}],"replies":[{"embeddable":true,"href":"https:\/\/www.irreel.ch\/blog\/wp-json\/wp\/v2\/comments?post=38"}],"version-history":[{"count":10,"href":"https:\/\/www.irreel.ch\/blog\/wp-json\/wp\/v2\/posts\/38\/revisions"}],"predecessor-version":[{"id":4970,"href":"https:\/\/www.irreel.ch\/blog\/wp-json\/wp\/v2\/posts\/38\/revisions\/4970"}],"wp:featuredmedia":[{"embeddable":true,"href":"https:\/\/www.irreel.ch\/blog\/wp-json\/wp\/v2\/media\/3921"}],"wp:attachment":[{"href":"https:\/\/www.irreel.ch\/blog\/wp-json\/wp\/v2\/media?parent=38"}],"wp:term":[{"taxonomy":"category","embeddable":true,"href":"https:\/\/www.irreel.ch\/blog\/wp-json\/wp\/v2\/categories?post=38"},{"taxonomy":"post_tag","embeddable":true,"href":"https:\/\/www.irreel.ch\/blog\/wp-json\/wp\/v2\/tags?post=38"}],"curies":[{"name":"wp","href":"https:\/\/api.w.org\/{rel}","templated":true}]}}