{"id":3732,"date":"2015-05-13T08:46:07","date_gmt":"2015-05-13T06:46:07","guid":{"rendered":"http:\/\/www.irreel.ch\/blog\/?p=3732"},"modified":"2022-12-21T09:03:34","modified_gmt":"2022-12-21T08:03:34","slug":"myrtilles-en-feuilles-et-fleurs","status":"publish","type":"post","link":"https:\/\/www.irreel.ch\/blog\/myrtilles-en-feuilles-et-fleurs\/","title":{"rendered":"Myrtilles en feuilles et fleurs"},"content":{"rendered":"\n<figure class=\"wp-block-image\"><a href=\"http:\/\/www.irreel.ch\/blog\/wp-content\/uploads\/fleurs-myrtilles.jpg\"><img loading=\"lazy\" decoding=\"async\" width=\"1000\" height=\"730\" src=\"http:\/\/www.irreel.ch\/blog\/wp-content\/uploads\/fleurs-myrtilles.jpg\" alt=\"\" class=\"wp-image-4884\" srcset=\"https:\/\/www.irreel.ch\/blog\/wp-content\/uploads\/fleurs-myrtilles.jpg 1000w, https:\/\/www.irreel.ch\/blog\/wp-content\/uploads\/fleurs-myrtilles-150x110.jpg 150w, https:\/\/www.irreel.ch\/blog\/wp-content\/uploads\/fleurs-myrtilles-300x219.jpg 300w, https:\/\/www.irreel.ch\/blog\/wp-content\/uploads\/fleurs-myrtilles-768x561.jpg 768w\" sizes=\"auto, (max-width: 1000px) 100vw, 1000px\" \/><\/a><figcaption class=\"wp-element-caption\">Fleurs roses d\u00e9licates des myrtilles<\/figcaption><\/figure>\n\n\n<p>Myrtilles en culture, vari\u00e9t\u00e9s am\u00e9ricaines de haute taille, feuilles vertes fines et fleurs blanches en clochettes, au nord de la maison, ombrag\u00e9es et au frais.<\/p>\n\n\n<figure class=\"wp-block-image\"><a href=\"http:\/\/www.irreel.ch\/blog\/wp-content\/uploads\/myrtilles-vert-1400_Fotor-2.jpg\"><img decoding=\"async\" src=\"http:\/\/www.irreel.ch\/blog\/wp-content\/uploads\/myrtilles-vert-1400_Fotor-2.jpg\" alt=\"\"\/><\/a><figcaption class=\"wp-element-caption\">Culture des myrtilles au nord de la maison, feuilles et fruits<\/figcaption><\/figure>\n\n\n\n<figure class=\"wp-block-image\"><a href=\"http:\/\/www.irreel.ch\/blog\/wp-content\/uploads\/feuilles-myrtilles.jpg\"><img loading=\"lazy\" decoding=\"async\" width=\"1000\" height=\"750\" src=\"http:\/\/www.irreel.ch\/blog\/wp-content\/uploads\/feuilles-myrtilles.jpg\" alt=\"\" class=\"wp-image-4990\" srcset=\"https:\/\/www.irreel.ch\/blog\/wp-content\/uploads\/feuilles-myrtilles.jpg 1000w, https:\/\/www.irreel.ch\/blog\/wp-content\/uploads\/feuilles-myrtilles-150x113.jpg 150w, https:\/\/www.irreel.ch\/blog\/wp-content\/uploads\/feuilles-myrtilles-300x225.jpg 300w, https:\/\/www.irreel.ch\/blog\/wp-content\/uploads\/feuilles-myrtilles-768x576.jpg 768w\" sizes=\"auto, (max-width: 1000px) 100vw, 1000px\" \/><\/a><figcaption class=\"wp-element-caption\">Feuilles de myrtilles en automne<\/figcaption><\/figure>\n","protected":false},"excerpt":{"rendered":"<p>Myrtilles en culture, vari\u00e9t\u00e9s am\u00e9ricaines de haute taille, feuilles vertes fines et fleurs blanches en clochettes, au nord de la maison, ombrag\u00e9es et au frais.<\/p>\n","protected":false},"author":191,"featured_media":3733,"comment_status":"open","ping_status":"closed","sticky":false,"template":"","format":"standard","meta":{"sfsi_plus_gutenberg_text_before_share":"","sfsi_plus_gutenberg_show_text_before_share":"","sfsi_plus_gutenberg_icon_type":"","sfsi_plus_gutenberg_icon_alignemt":"","sfsi_plus_gutenburg_max_per_row":"","_EventAllDay":false,"_EventTimezone":"","_EventStartDate":"","_EventEndDate":"","_EventStartDateUTC":"","_EventEndDateUTC":"","_EventShowMap":false,"_EventShowMapLink":false,"_EventURL":"","_EventCost":"","_EventCostDescription":"","_EventCurrencySymbol":"","_EventCurrencyCode":"","_EventCurrencyPosition":"","_EventDateTimeSeparator":"","_EventTimeRangeSeparator":"","_EventOrganizerID":[],"_EventVenueID":[],"_OrganizerEmail":"","_OrganizerPhone":"","_OrganizerWebsite":"","_VenueAddress":"","_VenueCity":"","_VenueCountry":"","_VenueProvince":"","_VenueState":"","_VenueZip":"","_VenuePhone":"","_VenueURL":"","_VenueStateProvince":"","_VenueLat":"","_VenueLng":"","_VenueShowMap":false,"_VenueShowMapLink":false,"footnotes":""},"categories":[58,21],"tags":[138,423,384,419,606,505],"class_list":["post-3732","post","type-post","status-publish","format-standard","has-post-thumbnail","hentry","category-feuilles","category-fleurs","tag-culture","tag-feuille","tag-fleur","tag-fleur-de-fruit","tag-fleurs-de-mai","tag-myrtille"],"_links":{"self":[{"href":"https:\/\/www.irreel.ch\/blog\/wp-json\/wp\/v2\/posts\/3732","targetHints":{"allow":["GET"]}}],"collection":[{"href":"https:\/\/www.irreel.ch\/blog\/wp-json\/wp\/v2\/posts"}],"about":[{"href":"https:\/\/www.irreel.ch\/blog\/wp-json\/wp\/v2\/types\/post"}],"author":[{"embeddable":true,"href":"https:\/\/www.irreel.ch\/blog\/wp-json\/wp\/v2\/users\/191"}],"replies":[{"embeddable":true,"href":"https:\/\/www.irreel.ch\/blog\/wp-json\/wp\/v2\/comments?post=3732"}],"version-history":[{"count":6,"href":"https:\/\/www.irreel.ch\/blog\/wp-json\/wp\/v2\/posts\/3732\/revisions"}],"predecessor-version":[{"id":6925,"href":"https:\/\/www.irreel.ch\/blog\/wp-json\/wp\/v2\/posts\/3732\/revisions\/6925"}],"wp:featuredmedia":[{"embeddable":true,"href":"https:\/\/www.irreel.ch\/blog\/wp-json\/wp\/v2\/media\/3733"}],"wp:attachment":[{"href":"https:\/\/www.irreel.ch\/blog\/wp-json\/wp\/v2\/media?parent=3732"}],"wp:term":[{"taxonomy":"category","embeddable":true,"href":"https:\/\/www.irreel.ch\/blog\/wp-json\/wp\/v2\/categories?post=3732"},{"taxonomy":"post_tag","embeddable":true,"href":"https:\/\/www.irreel.ch\/blog\/wp-json\/wp\/v2\/tags?post=3732"}],"curies":[{"name":"wp","href":"https:\/\/api.w.org\/{rel}","templated":true}]}}