{"id":3719,"date":"2015-05-12T21:46:04","date_gmt":"2015-05-12T19:46:04","guid":{"rendered":"http:\/\/www.irreel.ch\/blog\/?p=3719"},"modified":"2022-12-20T16:24:23","modified_gmt":"2022-12-20T15:24:23","slug":"feuilles-et-fleurs-de-fraisiers-des-bois","status":"publish","type":"post","link":"https:\/\/www.irreel.ch\/blog\/feuilles-et-fleurs-de-fraisiers-des-bois\/","title":{"rendered":"Fraisiers des bois, fleurs et feuilles"},"content":{"rendered":"\n<figure class=\"wp-block-image\"><a href=\"http:\/\/www.irreel.ch\/blog\/wp-content\/uploads\/fleurs-de-fraises-des-bois-1.jpg\"><img loading=\"lazy\" decoding=\"async\" width=\"1000\" height=\"748\" src=\"http:\/\/www.irreel.ch\/blog\/wp-content\/uploads\/fleurs-de-fraises-des-bois-1.jpg\" alt=\"\" class=\"wp-image-4780\" srcset=\"https:\/\/www.irreel.ch\/blog\/wp-content\/uploads\/fleurs-de-fraises-des-bois-1.jpg 1000w, https:\/\/www.irreel.ch\/blog\/wp-content\/uploads\/fleurs-de-fraises-des-bois-1-150x112.jpg 150w, https:\/\/www.irreel.ch\/blog\/wp-content\/uploads\/fleurs-de-fraises-des-bois-1-300x224.jpg 300w, https:\/\/www.irreel.ch\/blog\/wp-content\/uploads\/fleurs-de-fraises-des-bois-1-768x574.jpg 768w\" sizes=\"auto, (max-width: 1000px) 100vw, 1000px\" \/><\/a><figcaption class=\"wp-element-caption\">Fleurs de fraises des bois<\/figcaption><\/figure>\n\n\n\n<p>Fraises : feuilles de fraises des bois, dans le jardin pr\u00e8s du noyer. Joie des r\u00e9coltes \u00e0 venir!<\/p>\n","protected":false},"excerpt":{"rendered":"<p>Fraises : feuilles de fraises des bois, dans le jardin pr\u00e8s du noyer. Joie des r\u00e9coltes \u00e0 venir!<\/p>\n","protected":false},"author":191,"featured_media":3920,"comment_status":"open","ping_status":"closed","sticky":false,"template":"","format":"standard","meta":{"sfsi_plus_gutenberg_text_before_share":"","sfsi_plus_gutenberg_show_text_before_share":"","sfsi_plus_gutenberg_icon_type":"","sfsi_plus_gutenberg_icon_alignemt":"","sfsi_plus_gutenburg_max_per_row":"","_EventAllDay":false,"_EventTimezone":"","_EventStartDate":"","_EventEndDate":"","_EventStartDateUTC":"","_EventEndDateUTC":"","_EventShowMap":false,"_EventShowMapLink":false,"_EventURL":"","_EventCost":"","_EventCostDescription":"","_EventCurrencySymbol":"","_EventCurrencyCode":"","_EventCurrencyPosition":"","_EventDateTimeSeparator":"","_EventTimeRangeSeparator":"","_EventOrganizerID":[],"_EventVenueID":[],"_OrganizerEmail":"","_OrganizerPhone":"","_OrganizerWebsite":"","_VenueAddress":"","_VenueCity":"","_VenueCountry":"","_VenueProvince":"","_VenueState":"","_VenueZip":"","_VenuePhone":"","_VenueURL":"","_VenueStateProvince":"","_VenueLat":"","_VenueLng":"","_VenueShowMap":false,"_VenueShowMapLink":false,"footnotes":""},"categories":[58,21],"tags":[423,384,606,151],"class_list":["post-3719","post","type-post","status-publish","format-standard","has-post-thumbnail","hentry","category-feuilles","category-fleurs","tag-feuille","tag-fleur","tag-fleurs-de-mai","tag-fraise"],"_links":{"self":[{"href":"https:\/\/www.irreel.ch\/blog\/wp-json\/wp\/v2\/posts\/3719","targetHints":{"allow":["GET"]}}],"collection":[{"href":"https:\/\/www.irreel.ch\/blog\/wp-json\/wp\/v2\/posts"}],"about":[{"href":"https:\/\/www.irreel.ch\/blog\/wp-json\/wp\/v2\/types\/post"}],"author":[{"embeddable":true,"href":"https:\/\/www.irreel.ch\/blog\/wp-json\/wp\/v2\/users\/191"}],"replies":[{"embeddable":true,"href":"https:\/\/www.irreel.ch\/blog\/wp-json\/wp\/v2\/comments?post=3719"}],"version-history":[{"count":4,"href":"https:\/\/www.irreel.ch\/blog\/wp-json\/wp\/v2\/posts\/3719\/revisions"}],"predecessor-version":[{"id":6904,"href":"https:\/\/www.irreel.ch\/blog\/wp-json\/wp\/v2\/posts\/3719\/revisions\/6904"}],"wp:featuredmedia":[{"embeddable":true,"href":"https:\/\/www.irreel.ch\/blog\/wp-json\/wp\/v2\/media\/3920"}],"wp:attachment":[{"href":"https:\/\/www.irreel.ch\/blog\/wp-json\/wp\/v2\/media?parent=3719"}],"wp:term":[{"taxonomy":"category","embeddable":true,"href":"https:\/\/www.irreel.ch\/blog\/wp-json\/wp\/v2\/categories?post=3719"},{"taxonomy":"post_tag","embeddable":true,"href":"https:\/\/www.irreel.ch\/blog\/wp-json\/wp\/v2\/tags?post=3719"}],"curies":[{"name":"wp","href":"https:\/\/api.w.org\/{rel}","templated":true}]}}