{"id":3345,"date":"2014-05-23T10:13:00","date_gmt":"2014-05-23T08:13:00","guid":{"rendered":"http:\/\/www.irreel.ch\/blog\/?p=3345"},"modified":"2025-04-23T17:55:06","modified_gmt":"2025-04-23T15:55:06","slug":"citron-limoneira-parfume-et-rugueux","status":"publish","type":"post","link":"https:\/\/www.irreel.ch\/blog\/citron-limoneira-parfume-et-rugueux\/","title":{"rendered":"Citron Limoneira parfum\u00e9 et rugueux"},"content":{"rendered":"\n<figure class=\"wp-block-image\"><a href=\"http:\/\/www.irreel.ch\/blog\/wp-content\/uploads\/recoltes-de-mais2.jpg\"><img decoding=\"async\" src=\"http:\/\/www.irreel.ch\/blog\/wp-content\/uploads\/recoltes-de-mais2.jpg\" alt=\"\"\/><\/a><figcaption class=\"wp-element-caption\">Tout un petit choix de saveurs printani\u00e8res<\/figcaption><\/figure>\n\n\n\n<p>Citron doux et parfum\u00e9, \u00e0 peau rugueuse avec des reliefs bien caract\u00e9ristiques:<\/p>\n\n\n\n<p>Jambhiri var. Limoneira, citrus, en pot, \u00e0 hiverner dans l&rsquo;orangerie, au frais, bien humide.<\/p>\n\n\n\n<p>Ici r\u00e9colt\u00e9 avec des herbes de saison, menthe marocaine, thym citron, thym bigarr\u00e9 et basilic arbustif violac\u00e9.<\/p>\n\n\n\n<figure class=\"wp-block-embed is-type-rich is-provider-twitter wp-block-embed-twitter\"><div class=\"wp-block-embed__wrapper\">\n<blockquote class=\"twitter-tweet\" data-width=\"500\" data-dnt=\"true\"><p lang=\"fr\" dir=\"ltr\">R\u00e9colte de mai: citron parfum\u00e9 d\u00e9licieusement parfum\u00e9 et riche en saveurs! <a href=\"http:\/\/t.co\/ooh5ByhSkU\">http:\/\/t.co\/ooh5ByhSkU<\/a> <a href=\"http:\/\/t.co\/3hQfUbOtZC\">pic.twitter.com\/3hQfUbOtZC<\/a><\/p>&mdash; Daniel Thomas (@polymusicien) <a href=\"https:\/\/twitter.com\/polymusicien\/status\/469754082564263936?ref_src=twsrc%5Etfw\">May 23, 2014<\/a><\/blockquote><script async src=\"https:\/\/platform.twitter.com\/widgets.js\" charset=\"utf-8\"><\/script>\n<\/div><\/figure>\n","protected":false},"excerpt":{"rendered":"<p>Citron doux et parfum\u00e9, \u00e0 peau rugueuse avec des reliefs bien caract\u00e9ristiques: Jambhiri var. Limoneira, citrus, en pot, \u00e0 hiverner dans l&rsquo;orangerie, au frais, bien humide. Ici r\u00e9colt\u00e9 avec des herbes de saison, menthe&#46;&#46;&#46;<\/p>\n","protected":false},"author":191,"featured_media":3346,"comment_status":"closed","ping_status":"closed","sticky":false,"template":"","format":"standard","meta":{"sfsi_plus_gutenberg_text_before_share":"","sfsi_plus_gutenberg_show_text_before_share":"","sfsi_plus_gutenberg_icon_type":"","sfsi_plus_gutenberg_icon_alignemt":"","sfsi_plus_gutenburg_max_per_row":"","_EventAllDay":false,"_EventTimezone":"","_EventStartDate":"","_EventEndDate":"","_EventStartDateUTC":"","_EventEndDateUTC":"","_EventShowMap":false,"_EventShowMapLink":false,"_EventURL":"","_EventCost":"","_EventCostDescription":"","_EventCurrencySymbol":"","_EventCurrencyCode":"","_EventCurrencyPosition":"","_EventDateTimeSeparator":"","_EventTimeRangeSeparator":"","_EventOrganizerID":[],"_EventVenueID":[],"_OrganizerEmail":"","_OrganizerPhone":"","_OrganizerWebsite":"","_VenueAddress":"","_VenueCity":"","_VenueCountry":"","_VenueProvince":"","_VenueState":"","_VenueZip":"","_VenuePhone":"","_VenueURL":"","_VenueStateProvince":"","_VenueLat":"","_VenueLng":"","_VenueShowMap":false,"_VenueShowMapLink":false,"footnotes":""},"categories":[37],"tags":[504,147,481,461,98],"class_list":["post-3345","post","type-post","status-publish","format-standard","has-post-thumbnail","hentry","category-fruit-jardin","tag-agrume","tag-citron","tag-fruit-a-croquer","tag-fruit-de-mai","tag-jaune"],"_links":{"self":[{"href":"https:\/\/www.irreel.ch\/blog\/wp-json\/wp\/v2\/posts\/3345","targetHints":{"allow":["GET"]}}],"collection":[{"href":"https:\/\/www.irreel.ch\/blog\/wp-json\/wp\/v2\/posts"}],"about":[{"href":"https:\/\/www.irreel.ch\/blog\/wp-json\/wp\/v2\/types\/post"}],"author":[{"embeddable":true,"href":"https:\/\/www.irreel.ch\/blog\/wp-json\/wp\/v2\/users\/191"}],"replies":[{"embeddable":true,"href":"https:\/\/www.irreel.ch\/blog\/wp-json\/wp\/v2\/comments?post=3345"}],"version-history":[{"count":10,"href":"https:\/\/www.irreel.ch\/blog\/wp-json\/wp\/v2\/posts\/3345\/revisions"}],"predecessor-version":[{"id":7189,"href":"https:\/\/www.irreel.ch\/blog\/wp-json\/wp\/v2\/posts\/3345\/revisions\/7189"}],"wp:featuredmedia":[{"embeddable":true,"href":"https:\/\/www.irreel.ch\/blog\/wp-json\/wp\/v2\/media\/3346"}],"wp:attachment":[{"href":"https:\/\/www.irreel.ch\/blog\/wp-json\/wp\/v2\/media?parent=3345"}],"wp:term":[{"taxonomy":"category","embeddable":true,"href":"https:\/\/www.irreel.ch\/blog\/wp-json\/wp\/v2\/categories?post=3345"},{"taxonomy":"post_tag","embeddable":true,"href":"https:\/\/www.irreel.ch\/blog\/wp-json\/wp\/v2\/tags?post=3345"}],"curies":[{"name":"wp","href":"https:\/\/api.w.org\/{rel}","templated":true}]}}