{"id":3335,"date":"2014-05-17T08:59:20","date_gmt":"2014-05-17T06:59:20","guid":{"rendered":"http:\/\/www.irreel.ch\/blog\/?p=3335"},"modified":"2019-03-03T22:23:52","modified_gmt":"2019-03-03T20:23:52","slug":"baies-de-mai","status":"publish","type":"post","link":"https:\/\/www.irreel.ch\/blog\/baies-de-mai\/","title":{"rendered":"Baies de mai"},"content":{"rendered":"\n<figure class=\"wp-block-image\"><a href=\"http:\/\/www.irreel.ch\/blog\/wp-content\/uploads\/baies-de-mai-900-2.jpg\"><img decoding=\"async\" src=\"http:\/\/www.irreel.ch\/blog\/wp-content\/uploads\/baies-de-mai-900-2.jpg\" alt=\"\"\/><\/a><figcaption>Petite surprise printani\u00e8re bleu fonc\u00e9 juteuse et gouteuse<\/figcaption><\/figure>\n\n\n<p>Baie de mai, vari\u00e9t\u00e9 Amur, fruit sauvage comestible, Lonicera kamtschatica.<br \/>Baie bleu fonc\u00e9 \u00e0 maturit\u00e9, passant du vert cach\u00e9 aux teintes plus voyantes quand il devient juteux, acidul\u00e9, parfum\u00e9 et d\u00e9licieux.<br \/>Fruit de mai, un des premiers fruits du jardin au printemps avec la fraise des bois.<\/p>","protected":false},"excerpt":{"rendered":"<p>Baie de mai, vari\u00e9t\u00e9 Amur, fruit sauvage comestible, Lonicera kamtschatica.Baie bleu fonc\u00e9 \u00e0 maturit\u00e9, passant du vert cach\u00e9 aux teintes plus voyantes quand il devient juteux, acidul\u00e9, parfum\u00e9 et d\u00e9licieux.Fruit de mai, un des&#46;&#46;&#46;<\/p>\n","protected":false},"author":191,"featured_media":3336,"comment_status":"closed","ping_status":"closed","sticky":false,"template":"","format":"standard","meta":{"sfsi_plus_gutenberg_text_before_share":"","sfsi_plus_gutenberg_show_text_before_share":"","sfsi_plus_gutenberg_icon_type":"","sfsi_plus_gutenberg_icon_alignemt":"","sfsi_plus_gutenburg_max_per_row":"","_EventAllDay":false,"_EventTimezone":"","_EventStartDate":"","_EventEndDate":"","_EventStartDateUTC":"","_EventEndDateUTC":"","_EventShowMap":false,"_EventShowMapLink":false,"_EventURL":"","_EventCost":"","_EventCostDescription":"","_EventCurrencySymbol":"","_EventCurrencyCode":"","_EventCurrencyPosition":"","_EventDateTimeSeparator":"","_EventTimeRangeSeparator":"","_EventOrganizerID":[],"_EventVenueID":[],"_OrganizerEmail":"","_OrganizerPhone":"","_OrganizerWebsite":"","_VenueAddress":"","_VenueCity":"","_VenueCountry":"","_VenueProvince":"","_VenueState":"","_VenueZip":"","_VenuePhone":"","_VenueURL":"","_VenueStateProvince":"","_VenueLat":"","_VenueLng":"","_VenueShowMap":false,"_VenueShowMapLink":false,"footnotes":""},"categories":[37],"tags":[460,481,461],"class_list":["post-3335","post","type-post","status-publish","format-standard","has-post-thumbnail","hentry","category-fruit-jardin","tag-baie-de-mai","tag-fruit-a-croquer","tag-fruit-de-mai"],"_links":{"self":[{"href":"https:\/\/www.irreel.ch\/blog\/wp-json\/wp\/v2\/posts\/3335","targetHints":{"allow":["GET"]}}],"collection":[{"href":"https:\/\/www.irreel.ch\/blog\/wp-json\/wp\/v2\/posts"}],"about":[{"href":"https:\/\/www.irreel.ch\/blog\/wp-json\/wp\/v2\/types\/post"}],"author":[{"embeddable":true,"href":"https:\/\/www.irreel.ch\/blog\/wp-json\/wp\/v2\/users\/191"}],"replies":[{"embeddable":true,"href":"https:\/\/www.irreel.ch\/blog\/wp-json\/wp\/v2\/comments?post=3335"}],"version-history":[{"count":6,"href":"https:\/\/www.irreel.ch\/blog\/wp-json\/wp\/v2\/posts\/3335\/revisions"}],"predecessor-version":[{"id":4871,"href":"https:\/\/www.irreel.ch\/blog\/wp-json\/wp\/v2\/posts\/3335\/revisions\/4871"}],"wp:featuredmedia":[{"embeddable":true,"href":"https:\/\/www.irreel.ch\/blog\/wp-json\/wp\/v2\/media\/3336"}],"wp:attachment":[{"href":"https:\/\/www.irreel.ch\/blog\/wp-json\/wp\/v2\/media?parent=3335"}],"wp:term":[{"taxonomy":"category","embeddable":true,"href":"https:\/\/www.irreel.ch\/blog\/wp-json\/wp\/v2\/categories?post=3335"},{"taxonomy":"post_tag","embeddable":true,"href":"https:\/\/www.irreel.ch\/blog\/wp-json\/wp\/v2\/tags?post=3335"}],"curies":[{"name":"wp","href":"https:\/\/api.w.org\/{rel}","templated":true}]}}