{"id":3160,"date":"2020-03-18T05:41:00","date_gmt":"2020-03-18T03:41:00","guid":{"rendered":"http:\/\/www.irreel.org\/blog\/?p=3160"},"modified":"2022-12-16T06:20:43","modified_gmt":"2022-12-16T05:20:43","slug":"flute-solo-portes-en-ciel-arc-nuees","status":"publish","type":"post","link":"https:\/\/www.irreel.ch\/blog\/flute-solo-portes-en-ciel-arc-nuees\/","title":{"rendered":"Fl\u00fbte solo \/ Portes en ciel, arc, nu\u00e9es"},"content":{"rendered":"\n<p>Composition pour fl\u00fbte traversi\u00e8re solo<\/p>\n\n\n\n<p>Portes en ciel, arc, nu\u00e9es<\/p>\n\n\n\n<iframe loading=\"lazy\" width=\"100%\" height=\"750\" src=\"https:\/\/musescore.com\/user\/2300906\/scores\/6027930\/embed\" frameborder=\"0\" allowfullscreen=\"\" allow=\"autoplay; fullscreen\"><\/iframe>\n<span><a href=\"https:\/\/musescore.com\/user\/2300906\/scores\/6027930\/s\/fM01P7\" target=\"_blank\" rel=\"noopener noreferrer\">Portes en ciel, arcs, nu\u00e9es<\/a> by <a href=\"https:\/\/musescore.com\/polymusicien\">polymusicien<\/a><\/span>\n\n\n\n<p>\u00a9 Daniel Thomas, 2011<br>Vous pouvez commander le pdf complet (partition num\u00e9rique) ou la partition imprim\u00e9e, ou commander le mp3, version audio en sons num\u00e9riques sur la page de <a href=\"http:\/\/www.irreel.org\/blog\/plan\/contact\/\">contact<\/a>.<\/p>\n\n\n\n<p>Ecoute de la partition en sons num\u00e9riques, extrait video o\u00f9 l&rsquo;on peut suivre la partition:<br><\/p>\n\n\n\n<figure class=\"wp-block-embed is-type-video is-provider-youtube wp-block-embed-youtube wp-embed-aspect-16-9 wp-has-aspect-ratio\"><div class=\"wp-block-embed__wrapper\">\n<div class=\"video-container\"><iframe loading=\"lazy\" title=\"Fl\u00fbte solo, Portes en ciel, arc, nu\u00e9es\" width=\"500\" height=\"281\" src=\"https:\/\/www.youtube.com\/embed\/5Hzb0FEgkoY?feature=oembed&#038;wmode=opaque\" frameborder=\"0\" allow=\"accelerometer; autoplay; clipboard-write; encrypted-media; gyroscope; picture-in-picture; web-share\" referrerpolicy=\"strict-origin-when-cross-origin\" allowfullscreen><\/iframe><\/div>\n<\/div><\/figure>\n\n\n\n<p>Extrait de partition:<br><\/p>\n\n\n\n<div data-wp-interactive=\"core\/file\" class=\"wp-block-file\"><object data-wp-bind--hidden=\"!state.hasPdfPreview\" hidden class=\"wp-block-file__embed\" data=\"https:\/\/www.irreel.ch\/blog\/wp-content\/uploads\/008c003-flute-portes-nuees-extrait.pdf\" type=\"application\/pdf\" style=\"width:100%;height:600px\" aria-label=\"Contenu embarqu\u00e9 Contenu embarqu\u00e9 008c003 flute-portes-nuees-extrait..\"><\/object><a id=\"wp-block-file--media-5e609c04-85fc-4d80-8692-7dd1a84ce0b7\" href=\"https:\/\/www.irreel.ch\/blog\/wp-content\/uploads\/008c003-flute-portes-nuees-extrait.pdf\">008c003 flute-portes-nuees-extrait<\/a><a href=\"https:\/\/www.irreel.ch\/blog\/wp-content\/uploads\/008c003-flute-portes-nuees-extrait.pdf\" class=\"wp-block-file__button\" download aria-describedby=\"wp-block-file--media-5e609c04-85fc-4d80-8692-7dd1a84ce0b7\">T\u00e9l\u00e9charger<\/a><\/div>\n","protected":false},"excerpt":{"rendered":"<p>Composition pour fl\u00fbte traversi\u00e8re solo Portes en ciel, arc, nu\u00e9es Portes en ciel, arcs, nu\u00e9es by polymusicien \u00a9 Daniel Thomas, 2011Vous pouvez commander le pdf complet (partition num\u00e9rique) ou la partition imprim\u00e9e, ou commander&#46;&#46;&#46;<\/p>\n","protected":false},"author":191,"featured_media":3167,"comment_status":"closed","ping_status":"closed","sticky":false,"template":"","format":"standard","meta":{"sfsi_plus_gutenberg_text_before_share":"","sfsi_plus_gutenberg_show_text_before_share":"","sfsi_plus_gutenberg_icon_type":"","sfsi_plus_gutenberg_icon_alignemt":"","sfsi_plus_gutenburg_max_per_row":"","_EventAllDay":false,"_EventTimezone":"","_EventStartDate":"","_EventEndDate":"","_EventStartDateUTC":"","_EventEndDateUTC":"","_EventShowMap":false,"_EventShowMapLink":false,"_EventURL":"","_EventCost":"","_EventCostDescription":"","_EventCurrencySymbol":"","_EventCurrencyCode":"","_EventCurrencyPosition":"","_EventDateTimeSeparator":"","_EventTimeRangeSeparator":"","_EventOrganizerID":[],"_EventVenueID":[],"_OrganizerEmail":"","_OrganizerPhone":"","_OrganizerWebsite":"","_VenueAddress":"","_VenueCity":"","_VenueCountry":"","_VenueProvince":"","_VenueState":"","_VenueZip":"","_VenuePhone":"","_VenueURL":"","_VenueStateProvince":"","_VenueLat":"","_VenueLng":"","_VenueShowMap":false,"_VenueShowMapLink":false,"footnotes":""},"categories":[68,177,492,14],"tags":[156,178,549],"class_list":["post-3160","post","type-post","status-publish","format-standard","has-post-thumbnail","hentry","category-audio","category-flute-traversiere","category-partition-musicale","category-video","tag-composition-musicale","tag-flute","tag-flute-traversiere"],"_links":{"self":[{"href":"https:\/\/www.irreel.ch\/blog\/wp-json\/wp\/v2\/posts\/3160","targetHints":{"allow":["GET"]}}],"collection":[{"href":"https:\/\/www.irreel.ch\/blog\/wp-json\/wp\/v2\/posts"}],"about":[{"href":"https:\/\/www.irreel.ch\/blog\/wp-json\/wp\/v2\/types\/post"}],"author":[{"embeddable":true,"href":"https:\/\/www.irreel.ch\/blog\/wp-json\/wp\/v2\/users\/191"}],"replies":[{"embeddable":true,"href":"https:\/\/www.irreel.ch\/blog\/wp-json\/wp\/v2\/comments?post=3160"}],"version-history":[{"count":17,"href":"https:\/\/www.irreel.ch\/blog\/wp-json\/wp\/v2\/posts\/3160\/revisions"}],"predecessor-version":[{"id":6845,"href":"https:\/\/www.irreel.ch\/blog\/wp-json\/wp\/v2\/posts\/3160\/revisions\/6845"}],"wp:featuredmedia":[{"embeddable":true,"href":"https:\/\/www.irreel.ch\/blog\/wp-json\/wp\/v2\/media\/3167"}],"wp:attachment":[{"href":"https:\/\/www.irreel.ch\/blog\/wp-json\/wp\/v2\/media?parent=3160"}],"wp:term":[{"taxonomy":"category","embeddable":true,"href":"https:\/\/www.irreel.ch\/blog\/wp-json\/wp\/v2\/categories?post=3160"},{"taxonomy":"post_tag","embeddable":true,"href":"https:\/\/www.irreel.ch\/blog\/wp-json\/wp\/v2\/tags?post=3160"}],"curies":[{"name":"wp","href":"https:\/\/api.w.org\/{rel}","templated":true}]}}